{"id":58749,"date":"2026-03-16T20:31:20","date_gmt":"2026-03-16T20:31:20","guid":{"rendered":"https:\/\/munielchalpeten.gob.gt\/web\/?p=58749"},"modified":"2026-03-16T20:31:20","modified_gmt":"2026-03-16T20:31:20","slug":"reina-de-la-feria-el-chal-2026-3","status":"publish","type":"post","link":"https:\/\/munielchalpeten.gob.gt\/web\/2026\/03\/16\/reina-de-la-feria-el-chal-2026-3\/","title":{"rendered":"REINA DE LA FERIA EL CHAL 2026"},"content":{"rendered":"\n<p>CANDIDATA No. 3<\/p>\n\n\n\n<p> Leidy Nohem\u00ed Garc\u00eda Morales<\/p>\n\n\n\n<p> Edad: 18 a\u00f1os<\/p>\n\n\n\n<p>Representante de: Microrregi\u00f3n No. 2<\/p>\n\n\n\n<p>Apoya a tu favorita reaccionando con<\/p>\n\n\n\n<p>ME GUSTA  o ME ENCANTA  en esta publicaci\u00f3n.<\/p>\n\n\n\n<p> La candidata que obtenga m\u00e1s reacciones ser\u00e1 reconocida como Se\u00f1orita Redes Sociales durante la Gran Gala de Elecci\u00f3n de la Reina de la Feria El Chal 2026, el viernes 13 de marzo.<\/p>\n\n\n\n<p>Votaciones abiertas hasta el jueves 12 de marzo a las 6:00 p. m.<\/p>\n\n\n\n<p>\u00a1Apoya a tu candidata y s\u00e9 parte de esta gran fiesta de nuestro querido Municipio de El Chal!<\/p>\n\n\n\n<figure class=\"wp-block-gallery has-nested-images columns-default is-cropped wp-block-gallery-1 is-layout-flex wp-block-gallery-is-layout-flex\">\n<figure class=\"wp-block-image size-large\"><img decoding=\"async\" width=\"820\" height=\"1024\" data-id=\"58752\" data-src=\"https:\/\/munielchalpeten.gob.gt\/web\/wp-content\/uploads\/2026\/03\/649504969_1241993791471205_8231207180244198239_n-820x1024.jpg\" alt=\"\" class=\"wp-image-58752 lazyload\" data-srcset=\"https:\/\/munielchalpeten.gob.gt\/web\/wp-content\/uploads\/2026\/03\/649504969_1241993791471205_8231207180244198239_n-820x1024.jpg 820w, https:\/\/munielchalpeten.gob.gt\/web\/wp-content\/uploads\/2026\/03\/649504969_1241993791471205_8231207180244198239_n-240x300.jpg 240w, https:\/\/munielchalpeten.gob.gt\/web\/wp-content\/uploads\/2026\/03\/649504969_1241993791471205_8231207180244198239_n-768x960.jpg 768w, https:\/\/munielchalpeten.gob.gt\/web\/wp-content\/uploads\/2026\/03\/649504969_1241993791471205_8231207180244198239_n-1229x1536.jpg 1229w, https:\/\/munielchalpeten.gob.gt\/web\/wp-content\/uploads\/2026\/03\/649504969_1241993791471205_8231207180244198239_n-scaled.jpg 1537w\" data-sizes=\"(max-width: 820px) 100vw, 820px\" src=\"data:image\/svg+xml;base64,PHN2ZyB3aWR0aD0iMSIgaGVpZ2h0PSIxIiB4bWxucz0iaHR0cDovL3d3dy53My5vcmcvMjAwMC9zdmciPjwvc3ZnPg==\" style=\"--smush-placeholder-width: 820px; --smush-placeholder-aspect-ratio: 820\/1024;\" \/><\/figure>\n\n\n\n<figure class=\"wp-block-image size-large\"><img decoding=\"async\" width=\"820\" height=\"1024\" data-id=\"58750\" data-src=\"https:\/\/munielchalpeten.gob.gt\/web\/wp-content\/uploads\/2026\/03\/650200108_1241993851471199_5654959501649046824_n-820x1024.jpg\" alt=\"\" class=\"wp-image-58750 lazyload\" data-srcset=\"https:\/\/munielchalpeten.gob.gt\/web\/wp-content\/uploads\/2026\/03\/650200108_1241993851471199_5654959501649046824_n-820x1024.jpg 820w, https:\/\/munielchalpeten.gob.gt\/web\/wp-content\/uploads\/2026\/03\/650200108_1241993851471199_5654959501649046824_n-240x300.jpg 240w, https:\/\/munielchalpeten.gob.gt\/web\/wp-content\/uploads\/2026\/03\/650200108_1241993851471199_5654959501649046824_n-768x960.jpg 768w, https:\/\/munielchalpeten.gob.gt\/web\/wp-content\/uploads\/2026\/03\/650200108_1241993851471199_5654959501649046824_n-1229x1536.jpg 1229w, https:\/\/munielchalpeten.gob.gt\/web\/wp-content\/uploads\/2026\/03\/650200108_1241993851471199_5654959501649046824_n-scaled.jpg 1537w\" data-sizes=\"(max-width: 820px) 100vw, 820px\" src=\"data:image\/svg+xml;base64,PHN2ZyB3aWR0aD0iMSIgaGVpZ2h0PSIxIiB4bWxucz0iaHR0cDovL3d3dy53My5vcmcvMjAwMC9zdmciPjwvc3ZnPg==\" style=\"--smush-placeholder-width: 820px; --smush-placeholder-aspect-ratio: 820\/1024;\" \/><\/figure>\n\n\n\n<figure class=\"wp-block-image size-large\"><img decoding=\"async\" width=\"819\" height=\"1024\" data-id=\"58751\" data-src=\"https:\/\/munielchalpeten.gob.gt\/web\/wp-content\/uploads\/2026\/03\/650228974_1241993754804542_4307399343572614022_n-819x1024.jpg\" alt=\"\" class=\"wp-image-58751 lazyload\" data-srcset=\"https:\/\/munielchalpeten.gob.gt\/web\/wp-content\/uploads\/2026\/03\/650228974_1241993754804542_4307399343572614022_n-819x1024.jpg 819w, https:\/\/munielchalpeten.gob.gt\/web\/wp-content\/uploads\/2026\/03\/650228974_1241993754804542_4307399343572614022_n-240x300.jpg 240w, https:\/\/munielchalpeten.gob.gt\/web\/wp-content\/uploads\/2026\/03\/650228974_1241993754804542_4307399343572614022_n-768x960.jpg 768w, https:\/\/munielchalpeten.gob.gt\/web\/wp-content\/uploads\/2026\/03\/650228974_1241993754804542_4307399343572614022_n-1229x1536.jpg 1229w, https:\/\/munielchalpeten.gob.gt\/web\/wp-content\/uploads\/2026\/03\/650228974_1241993754804542_4307399343572614022_n-scaled.jpg 1536w\" data-sizes=\"(max-width: 819px) 100vw, 819px\" src=\"data:image\/svg+xml;base64,PHN2ZyB3aWR0aD0iMSIgaGVpZ2h0PSIxIiB4bWxucz0iaHR0cDovL3d3dy53My5vcmcvMjAwMC9zdmciPjwvc3ZnPg==\" style=\"--smush-placeholder-width: 819px; --smush-placeholder-aspect-ratio: 819\/1024;\" \/><\/figure>\n<\/figure>\n","protected":false},"excerpt":{"rendered":"<p>CANDIDATA No. 3 Leidy Nohem\u00ed Garc\u00eda Morales Edad: 18 a\u00f1os Representante de: Microrregi\u00f3n No. 2 Apoya a tu favorita reaccionando<\/p>\n","protected":false},"author":8,"featured_media":58753,"comment_status":"open","ping_status":"open","sticky":false,"template":"","format":"standard","meta":{"footnotes":""},"categories":[1],"tags":[],"class_list":["post-58749","post","type-post","status-publish","format-standard","has-post-thumbnail","hentry","category-sin-categoria"],"_links":{"self":[{"href":"https:\/\/munielchalpeten.gob.gt\/web\/wp-json\/wp\/v2\/posts\/58749","targetHints":{"allow":["GET"]}}],"collection":[{"href":"https:\/\/munielchalpeten.gob.gt\/web\/wp-json\/wp\/v2\/posts"}],"about":[{"href":"https:\/\/munielchalpeten.gob.gt\/web\/wp-json\/wp\/v2\/types\/post"}],"author":[{"embeddable":true,"href":"https:\/\/munielchalpeten.gob.gt\/web\/wp-json\/wp\/v2\/users\/8"}],"replies":[{"embeddable":true,"href":"https:\/\/munielchalpeten.gob.gt\/web\/wp-json\/wp\/v2\/comments?post=58749"}],"version-history":[{"count":1,"href":"https:\/\/munielchalpeten.gob.gt\/web\/wp-json\/wp\/v2\/posts\/58749\/revisions"}],"predecessor-version":[{"id":58754,"href":"https:\/\/munielchalpeten.gob.gt\/web\/wp-json\/wp\/v2\/posts\/58749\/revisions\/58754"}],"wp:featuredmedia":[{"embeddable":true,"href":"https:\/\/munielchalpeten.gob.gt\/web\/wp-json\/wp\/v2\/media\/58753"}],"wp:attachment":[{"href":"https:\/\/munielchalpeten.gob.gt\/web\/wp-json\/wp\/v2\/media?parent=58749"}],"wp:term":[{"taxonomy":"category","embeddable":true,"href":"https:\/\/munielchalpeten.gob.gt\/web\/wp-json\/wp\/v2\/categories?post=58749"},{"taxonomy":"post_tag","embeddable":true,"href":"https:\/\/munielchalpeten.gob.gt\/web\/wp-json\/wp\/v2\/tags?post=58749"}],"curies":[{"name":"wp","href":"https:\/\/api.w.org\/{rel}","templated":true}]}}