{"id":58743,"date":"2026-03-16T20:29:06","date_gmt":"2026-03-16T20:29:06","guid":{"rendered":"https:\/\/munielchalpeten.gob.gt\/web\/?p=58743"},"modified":"2026-03-16T20:29:07","modified_gmt":"2026-03-16T20:29:07","slug":"reina-de-la-feria-el-chal-2026-2","status":"publish","type":"post","link":"https:\/\/munielchalpeten.gob.gt\/web\/2026\/03\/16\/reina-de-la-feria-el-chal-2026-2\/","title":{"rendered":"REINA DE LA FERIA EL CHAL 2026"},"content":{"rendered":"\n<p>CANDIDATA No. 2<\/p>\n\n\n\n<p> Maritza Gabriela Javier Ramirez<\/p>\n\n\n\n<p> Edad: 16 a\u00f1os<\/p>\n\n\n\n<p> Representante de: Microrregi\u00f3n No. 3<\/p>\n\n\n\n<p> Apoya a tu favorita reaccionando con<\/p>\n\n\n\n<p>ME GUSTA  o ME ENCANTA  en esta publicaci\u00f3n.<\/p>\n\n\n\n<p> La candidata que obtenga m\u00e1s reacciones ser\u00e1 reconocida como Se\u00f1orita Redes Sociales durante la Gran Gala de Elecci\u00f3n de la Reina de la Feria El Chal 2026, el viernes 13 de marzo.<\/p>\n\n\n\n<p> Votaciones abiertas hasta el jueves 12 de marzo a las 6:00 p. m.<\/p>\n\n\n\n<p> \u00a1Apoya a tu candidata y s\u00e9 parte de esta gran fiesta de nuestro querido Municipio de El Chal!<\/p>\n\n\n\n<figure class=\"wp-block-gallery has-nested-images columns-default is-cropped wp-block-gallery-1 is-layout-flex wp-block-gallery-is-layout-flex\">\n<figure class=\"wp-block-image size-large\"><img decoding=\"async\" width=\"819\" height=\"1024\" data-id=\"58744\" data-src=\"https:\/\/munielchalpeten.gob.gt\/web\/wp-content\/uploads\/2026\/03\/649106662_1241991614804756_3434077532230579436_n-819x1024.jpg\" alt=\"\" class=\"wp-image-58744 lazyload\" data-srcset=\"https:\/\/munielchalpeten.gob.gt\/web\/wp-content\/uploads\/2026\/03\/649106662_1241991614804756_3434077532230579436_n-819x1024.jpg 819w, https:\/\/munielchalpeten.gob.gt\/web\/wp-content\/uploads\/2026\/03\/649106662_1241991614804756_3434077532230579436_n-240x300.jpg 240w, https:\/\/munielchalpeten.gob.gt\/web\/wp-content\/uploads\/2026\/03\/649106662_1241991614804756_3434077532230579436_n-768x960.jpg 768w, https:\/\/munielchalpeten.gob.gt\/web\/wp-content\/uploads\/2026\/03\/649106662_1241991614804756_3434077532230579436_n-1229x1536.jpg 1229w, https:\/\/munielchalpeten.gob.gt\/web\/wp-content\/uploads\/2026\/03\/649106662_1241991614804756_3434077532230579436_n-scaled.jpg 1536w\" data-sizes=\"(max-width: 819px) 100vw, 819px\" src=\"data:image\/svg+xml;base64,PHN2ZyB3aWR0aD0iMSIgaGVpZ2h0PSIxIiB4bWxucz0iaHR0cDovL3d3dy53My5vcmcvMjAwMC9zdmciPjwvc3ZnPg==\" style=\"--smush-placeholder-width: 819px; --smush-placeholder-aspect-ratio: 819\/1024;\" \/><\/figure>\n\n\n\n<figure class=\"wp-block-image size-large\"><img decoding=\"async\" width=\"1024\" height=\"819\" data-id=\"58745\" data-src=\"https:\/\/munielchalpeten.gob.gt\/web\/wp-content\/uploads\/2026\/03\/649769062_1241991984804719_2973156606081286792_n-1024x819.jpg\" alt=\"\" class=\"wp-image-58745 lazyload\" data-srcset=\"https:\/\/munielchalpeten.gob.gt\/web\/wp-content\/uploads\/2026\/03\/649769062_1241991984804719_2973156606081286792_n-1024x819.jpg 1024w, https:\/\/munielchalpeten.gob.gt\/web\/wp-content\/uploads\/2026\/03\/649769062_1241991984804719_2973156606081286792_n-300x240.jpg 300w, https:\/\/munielchalpeten.gob.gt\/web\/wp-content\/uploads\/2026\/03\/649769062_1241991984804719_2973156606081286792_n-768x614.jpg 768w, https:\/\/munielchalpeten.gob.gt\/web\/wp-content\/uploads\/2026\/03\/649769062_1241991984804719_2973156606081286792_n-1536x1229.jpg 1536w, https:\/\/munielchalpeten.gob.gt\/web\/wp-content\/uploads\/2026\/03\/649769062_1241991984804719_2973156606081286792_n-scaled.jpg 1920w\" data-sizes=\"(max-width: 1024px) 100vw, 1024px\" src=\"data:image\/svg+xml;base64,PHN2ZyB3aWR0aD0iMSIgaGVpZ2h0PSIxIiB4bWxucz0iaHR0cDovL3d3dy53My5vcmcvMjAwMC9zdmciPjwvc3ZnPg==\" style=\"--smush-placeholder-width: 1024px; --smush-placeholder-aspect-ratio: 1024\/819;\" \/><\/figure>\n<\/figure>\n\n\n\n<figure class=\"wp-block-gallery has-nested-images columns-default is-cropped wp-block-gallery-2 is-layout-flex wp-block-gallery-is-layout-flex\">\n<figure class=\"wp-block-image size-large\"><img decoding=\"async\" width=\"819\" height=\"1024\" data-id=\"58746\" data-src=\"https:\/\/munielchalpeten.gob.gt\/web\/wp-content\/uploads\/2026\/03\/649327716_1241991578138093_1569881361841767257_n-819x1024.jpg\" alt=\"\" class=\"wp-image-58746 lazyload\" data-srcset=\"https:\/\/munielchalpeten.gob.gt\/web\/wp-content\/uploads\/2026\/03\/649327716_1241991578138093_1569881361841767257_n-819x1024.jpg 819w, https:\/\/munielchalpeten.gob.gt\/web\/wp-content\/uploads\/2026\/03\/649327716_1241991578138093_1569881361841767257_n-240x300.jpg 240w, https:\/\/munielchalpeten.gob.gt\/web\/wp-content\/uploads\/2026\/03\/649327716_1241991578138093_1569881361841767257_n-768x960.jpg 768w, https:\/\/munielchalpeten.gob.gt\/web\/wp-content\/uploads\/2026\/03\/649327716_1241991578138093_1569881361841767257_n-1229x1536.jpg 1229w, https:\/\/munielchalpeten.gob.gt\/web\/wp-content\/uploads\/2026\/03\/649327716_1241991578138093_1569881361841767257_n-scaled.jpg 1536w\" data-sizes=\"(max-width: 819px) 100vw, 819px\" src=\"data:image\/svg+xml;base64,PHN2ZyB3aWR0aD0iMSIgaGVpZ2h0PSIxIiB4bWxucz0iaHR0cDovL3d3dy53My5vcmcvMjAwMC9zdmciPjwvc3ZnPg==\" style=\"--smush-placeholder-width: 819px; --smush-placeholder-aspect-ratio: 819\/1024;\" \/><\/figure>\n<\/figure>\n","protected":false},"excerpt":{"rendered":"<p>CANDIDATA No. 2 Maritza Gabriela Javier Ramirez Edad: 16 a\u00f1os Representante de: Microrregi\u00f3n No. 3 Apoya a tu favorita reaccionando<\/p>\n","protected":false},"author":8,"featured_media":58747,"comment_status":"open","ping_status":"open","sticky":false,"template":"","format":"standard","meta":{"footnotes":""},"categories":[39],"tags":[],"class_list":["post-58743","post","type-post","status-publish","format-standard","has-post-thumbnail","hentry","category-cultura"],"_links":{"self":[{"href":"https:\/\/munielchalpeten.gob.gt\/web\/wp-json\/wp\/v2\/posts\/58743","targetHints":{"allow":["GET"]}}],"collection":[{"href":"https:\/\/munielchalpeten.gob.gt\/web\/wp-json\/wp\/v2\/posts"}],"about":[{"href":"https:\/\/munielchalpeten.gob.gt\/web\/wp-json\/wp\/v2\/types\/post"}],"author":[{"embeddable":true,"href":"https:\/\/munielchalpeten.gob.gt\/web\/wp-json\/wp\/v2\/users\/8"}],"replies":[{"embeddable":true,"href":"https:\/\/munielchalpeten.gob.gt\/web\/wp-json\/wp\/v2\/comments?post=58743"}],"version-history":[{"count":1,"href":"https:\/\/munielchalpeten.gob.gt\/web\/wp-json\/wp\/v2\/posts\/58743\/revisions"}],"predecessor-version":[{"id":58748,"href":"https:\/\/munielchalpeten.gob.gt\/web\/wp-json\/wp\/v2\/posts\/58743\/revisions\/58748"}],"wp:featuredmedia":[{"embeddable":true,"href":"https:\/\/munielchalpeten.gob.gt\/web\/wp-json\/wp\/v2\/media\/58747"}],"wp:attachment":[{"href":"https:\/\/munielchalpeten.gob.gt\/web\/wp-json\/wp\/v2\/media?parent=58743"}],"wp:term":[{"taxonomy":"category","embeddable":true,"href":"https:\/\/munielchalpeten.gob.gt\/web\/wp-json\/wp\/v2\/categories?post=58743"},{"taxonomy":"post_tag","embeddable":true,"href":"https:\/\/munielchalpeten.gob.gt\/web\/wp-json\/wp\/v2\/tags?post=58743"}],"curies":[{"name":"wp","href":"https:\/\/api.w.org\/{rel}","templated":true}]}}