{"id":58732,"date":"2026-03-16T20:23:45","date_gmt":"2026-03-16T20:23:45","guid":{"rendered":"https:\/\/munielchalpeten.gob.gt\/web\/?p=58732"},"modified":"2026-03-16T20:23:45","modified_gmt":"2026-03-16T20:23:45","slug":"nota-de-duelo-49","status":"publish","type":"post","link":"https:\/\/munielchalpeten.gob.gt\/web\/2026\/03\/16\/nota-de-duelo-49\/","title":{"rendered":"NOTA DE DUELO"},"content":{"rendered":"\n<p>La Municipalidad de El Chal expresa su profundo pesar por el sensible fallecimiento de quien en vida fuera la apreciada se\u00f1ora: AGUSTINA N\u00da\u00d1EZ ROJAS<\/p>\n\n\n\n<p>Mujer noble, humilde y de gran coraz\u00f3n, recordada por su bondad, sencillez y el cari\u00f1o que brind\u00f3 a quienes tuvieron la dicha de conocerla. Su partida deja un profundo vac\u00edo en su familia, amigos y en todos quienes compartieron momentos a su lado.<\/p>\n\n\n\n<p>El Se\u00f1or Alcalde Municipal, Elias Calder\u00f3n \u00c1lvarez, y su Honorable Concejo Municipal, expresan sus m\u00e1s sinceras condolencias y se unen al dolor que embarga a la familia doliente, especialmente a su hijo, nuestro compa\u00f1ero de labores Jos\u00e9 Ch\u00e1vez, ante tan irreparable p\u00e9rdida.<\/p>\n\n\n\n<p>Elevamos nuestras oraciones a Dios para que conceda descanso eterno a su alma y brinde fortaleza, resignaci\u00f3n y paz a sus seres queridos en estos momentos de profundo dolor.<\/p>\n\n\n\n<p> Descanse en paz<\/p>\n\n\n\n<figure class=\"wp-block-gallery has-nested-images columns-default is-cropped wp-block-gallery-1 is-layout-flex wp-block-gallery-is-layout-flex\">\n<figure class=\"wp-block-image size-large\"><img decoding=\"async\" width=\"819\" height=\"1024\" data-id=\"58733\" data-src=\"https:\/\/munielchalpeten.gob.gt\/web\/wp-content\/uploads\/2026\/03\/648637831_1240932188244032_6854739203801944289_n-819x1024.jpg\" alt=\"\" class=\"wp-image-58733 lazyload\" data-srcset=\"https:\/\/munielchalpeten.gob.gt\/web\/wp-content\/uploads\/2026\/03\/648637831_1240932188244032_6854739203801944289_n-819x1024.jpg 819w, https:\/\/munielchalpeten.gob.gt\/web\/wp-content\/uploads\/2026\/03\/648637831_1240932188244032_6854739203801944289_n-240x300.jpg 240w, https:\/\/munielchalpeten.gob.gt\/web\/wp-content\/uploads\/2026\/03\/648637831_1240932188244032_6854739203801944289_n-768x960.jpg 768w, https:\/\/munielchalpeten.gob.gt\/web\/wp-content\/uploads\/2026\/03\/648637831_1240932188244032_6854739203801944289_n.jpg 1080w\" data-sizes=\"(max-width: 819px) 100vw, 819px\" src=\"data:image\/svg+xml;base64,PHN2ZyB3aWR0aD0iMSIgaGVpZ2h0PSIxIiB4bWxucz0iaHR0cDovL3d3dy53My5vcmcvMjAwMC9zdmciPjwvc3ZnPg==\" style=\"--smush-placeholder-width: 819px; --smush-placeholder-aspect-ratio: 819\/1024;\" \/><\/figure>\n<\/figure>\n","protected":false},"excerpt":{"rendered":"<p>La Municipalidad de El Chal expresa su profundo pesar por el sensible fallecimiento de quien en vida fuera la apreciada<\/p>\n","protected":false},"author":8,"featured_media":58733,"comment_status":"open","ping_status":"open","sticky":false,"template":"","format":"standard","meta":{"footnotes":""},"categories":[6],"tags":[],"class_list":["post-58732","post","type-post","status-publish","format-standard","has-post-thumbnail","hentry","category-noticias"],"_links":{"self":[{"href":"https:\/\/munielchalpeten.gob.gt\/web\/wp-json\/wp\/v2\/posts\/58732","targetHints":{"allow":["GET"]}}],"collection":[{"href":"https:\/\/munielchalpeten.gob.gt\/web\/wp-json\/wp\/v2\/posts"}],"about":[{"href":"https:\/\/munielchalpeten.gob.gt\/web\/wp-json\/wp\/v2\/types\/post"}],"author":[{"embeddable":true,"href":"https:\/\/munielchalpeten.gob.gt\/web\/wp-json\/wp\/v2\/users\/8"}],"replies":[{"embeddable":true,"href":"https:\/\/munielchalpeten.gob.gt\/web\/wp-json\/wp\/v2\/comments?post=58732"}],"version-history":[{"count":1,"href":"https:\/\/munielchalpeten.gob.gt\/web\/wp-json\/wp\/v2\/posts\/58732\/revisions"}],"predecessor-version":[{"id":58734,"href":"https:\/\/munielchalpeten.gob.gt\/web\/wp-json\/wp\/v2\/posts\/58732\/revisions\/58734"}],"wp:featuredmedia":[{"embeddable":true,"href":"https:\/\/munielchalpeten.gob.gt\/web\/wp-json\/wp\/v2\/media\/58733"}],"wp:attachment":[{"href":"https:\/\/munielchalpeten.gob.gt\/web\/wp-json\/wp\/v2\/media?parent=58732"}],"wp:term":[{"taxonomy":"category","embeddable":true,"href":"https:\/\/munielchalpeten.gob.gt\/web\/wp-json\/wp\/v2\/categories?post=58732"},{"taxonomy":"post_tag","embeddable":true,"href":"https:\/\/munielchalpeten.gob.gt\/web\/wp-json\/wp\/v2\/tags?post=58732"}],"curies":[{"name":"wp","href":"https:\/\/api.w.org\/{rel}","templated":true}]}}