{"id":58720,"date":"2026-03-16T20:20:57","date_gmt":"2026-03-16T20:20:57","guid":{"rendered":"https:\/\/munielchalpeten.gob.gt\/web\/?p=58720"},"modified":"2026-03-16T20:20:57","modified_gmt":"2026-03-16T20:20:57","slug":"apoyo-a-la-agricultura-familiar-y-mujeres-en-microrregion-5","status":"publish","type":"post","link":"https:\/\/munielchalpeten.gob.gt\/web\/2026\/03\/16\/apoyo-a-la-agricultura-familiar-y-mujeres-en-microrregion-5\/","title":{"rendered":"APOYO A LA AGRICULTURA FAMILIAR Y MUJERES EN MICRORREGION 5"},"content":{"rendered":"\n<p>Nos complace anunciar que la Municipalidad de El Chal, a trav\u00e9s de nuestra Secci\u00f3n de Agricultura y Medio Ambiente (SARNMA), ha culminado con \u00e9xito la primera fase de entrega de pilones en la Micro Regi\u00f3n 5.<\/p>\n\n\n\n<p>Este valioso proyecto de hortalizas, impulsado por la visi\u00f3n y compromiso de nuestro Alcalde, ha beneficiado directamente a los grupos de mujeres organizadas de las aldeas Santa Amelia, Mojarras 2, Mojarras 1, San Jorge la Machaca y uni\u00f3n bayer.<\/p>\n\n\n\n<p>Queremos resaltar el rol fundamental de la Oficina Municipal de la Mujer (DMM) en el apoyo y la coordinaci\u00f3n para que estos proyectos lleguen a quienes m\u00e1s lo necesitan, fortaleciendo el desarrollo de nuestras comunidades y el rol de la mujer en la producci\u00f3n local.<\/p>\n\n\n\n<p>\u00a1Una gran variedad para impulsar sus huertos! Entre lo entregado se encuentran pilones de:<\/p>\n\n\n\n<p> Tomate<\/p>\n\n\n\n<p> Acelga<\/p>\n\n\n\n<p>Chile dulce<\/p>\n\n\n\n<p> Chile jalape\u00f1o<\/p>\n\n\n\n<p> Repollo<\/p>\n\n\n\n<p> Chipil\u00edn<\/p>\n\n\n\n<p>Pepino<\/p>\n\n\n\n<p> Cilantro<\/p>\n\n\n\n<p> R\u00e1bano<\/p>\n\n\n\n<p> Sandia<\/p>\n\n\n\n<p>Verengena<\/p>\n\n\n\n<p>Bledo<\/p>\n\n\n\n<p>\u00a1Pero esto no termina aqu\u00ed! Atentos habitantes de las Micro Regiones IV, III y II. A partir de esta semana, continuaremos con estas importantes entregas, llevando m\u00e1s oportunidades para cultivar alimentos frescos y nutritivos en sus hogares.<\/p>\n\n\n\n<p>\u00a1Juntos cultivamos un futuro m\u00e1s verde, pr\u00f3spero y equitativo para El Chal! <\/p>\n\n\n\n<p>Construyamos juntos el municipio que queremos. Municipalidad de El Chal, Administraci\u00f3n 2024\u20132028<\/p>\n\n\n\n<figure class=\"wp-block-gallery has-nested-images columns-default is-cropped wp-block-gallery-1 is-layout-flex wp-block-gallery-is-layout-flex\">\n<figure class=\"wp-block-image size-large\"><img decoding=\"async\" width=\"1024\" height=\"577\" data-id=\"58722\" data-src=\"https:\/\/munielchalpeten.gob.gt\/web\/wp-content\/uploads\/2026\/03\/645573324_1238737565130161_744248641748814089_n-1024x577.jpg\" alt=\"\" class=\"wp-image-58722 lazyload\" data-srcset=\"https:\/\/munielchalpeten.gob.gt\/web\/wp-content\/uploads\/2026\/03\/645573324_1238737565130161_744248641748814089_n-1024x577.jpg 1024w, https:\/\/munielchalpeten.gob.gt\/web\/wp-content\/uploads\/2026\/03\/645573324_1238737565130161_744248641748814089_n-300x169.jpg 300w, https:\/\/munielchalpeten.gob.gt\/web\/wp-content\/uploads\/2026\/03\/645573324_1238737565130161_744248641748814089_n-768x432.jpg 768w, https:\/\/munielchalpeten.gob.gt\/web\/wp-content\/uploads\/2026\/03\/645573324_1238737565130161_744248641748814089_n-1536x865.jpg 1536w, https:\/\/munielchalpeten.gob.gt\/web\/wp-content\/uploads\/2026\/03\/645573324_1238737565130161_744248641748814089_n-scaled.jpg 1920w\" data-sizes=\"(max-width: 1024px) 100vw, 1024px\" src=\"data:image\/svg+xml;base64,PHN2ZyB3aWR0aD0iMSIgaGVpZ2h0PSIxIiB4bWxucz0iaHR0cDovL3d3dy53My5vcmcvMjAwMC9zdmciPjwvc3ZnPg==\" style=\"--smush-placeholder-width: 1024px; --smush-placeholder-aspect-ratio: 1024\/577;\" \/><\/figure>\n\n\n\n<figure class=\"wp-block-image size-large\"><img decoding=\"async\" width=\"1024\" height=\"768\" data-id=\"58721\" data-src=\"https:\/\/munielchalpeten.gob.gt\/web\/wp-content\/uploads\/2026\/03\/646517236_1238737845130133_2499616746803971788_n-1024x768.jpg\" alt=\"\" class=\"wp-image-58721 lazyload\" data-srcset=\"https:\/\/munielchalpeten.gob.gt\/web\/wp-content\/uploads\/2026\/03\/646517236_1238737845130133_2499616746803971788_n-1024x768.jpg 1024w, https:\/\/munielchalpeten.gob.gt\/web\/wp-content\/uploads\/2026\/03\/646517236_1238737845130133_2499616746803971788_n-300x225.jpg 300w, https:\/\/munielchalpeten.gob.gt\/web\/wp-content\/uploads\/2026\/03\/646517236_1238737845130133_2499616746803971788_n-768x576.jpg 768w, https:\/\/munielchalpeten.gob.gt\/web\/wp-content\/uploads\/2026\/03\/646517236_1238737845130133_2499616746803971788_n-1536x1152.jpg 1536w, https:\/\/munielchalpeten.gob.gt\/web\/wp-content\/uploads\/2026\/03\/646517236_1238737845130133_2499616746803971788_n.jpg 1600w\" data-sizes=\"(max-width: 1024px) 100vw, 1024px\" src=\"data:image\/svg+xml;base64,PHN2ZyB3aWR0aD0iMSIgaGVpZ2h0PSIxIiB4bWxucz0iaHR0cDovL3d3dy53My5vcmcvMjAwMC9zdmciPjwvc3ZnPg==\" style=\"--smush-placeholder-width: 1024px; --smush-placeholder-aspect-ratio: 1024\/768;\" \/><\/figure>\n\n\n\n<figure class=\"wp-block-image size-large\"><img decoding=\"async\" width=\"1024\" height=\"577\" data-id=\"58723\" data-src=\"https:\/\/munielchalpeten.gob.gt\/web\/wp-content\/uploads\/2026\/03\/646908637_1238737781796806_2333211366960865861_n-1024x577.jpg\" alt=\"\" class=\"wp-image-58723 lazyload\" data-srcset=\"https:\/\/munielchalpeten.gob.gt\/web\/wp-content\/uploads\/2026\/03\/646908637_1238737781796806_2333211366960865861_n-1024x577.jpg 1024w, https:\/\/munielchalpeten.gob.gt\/web\/wp-content\/uploads\/2026\/03\/646908637_1238737781796806_2333211366960865861_n-300x169.jpg 300w, https:\/\/munielchalpeten.gob.gt\/web\/wp-content\/uploads\/2026\/03\/646908637_1238737781796806_2333211366960865861_n-768x432.jpg 768w, https:\/\/munielchalpeten.gob.gt\/web\/wp-content\/uploads\/2026\/03\/646908637_1238737781796806_2333211366960865861_n-1536x865.jpg 1536w, https:\/\/munielchalpeten.gob.gt\/web\/wp-content\/uploads\/2026\/03\/646908637_1238737781796806_2333211366960865861_n-scaled.jpg 1920w\" data-sizes=\"(max-width: 1024px) 100vw, 1024px\" src=\"data:image\/svg+xml;base64,PHN2ZyB3aWR0aD0iMSIgaGVpZ2h0PSIxIiB4bWxucz0iaHR0cDovL3d3dy53My5vcmcvMjAwMC9zdmciPjwvc3ZnPg==\" style=\"--smush-placeholder-width: 1024px; --smush-placeholder-aspect-ratio: 1024\/577;\" \/><\/figure>\n<\/figure>\n","protected":false},"excerpt":{"rendered":"<p>Nos complace anunciar que la Municipalidad de El Chal, a trav\u00e9s de nuestra Secci\u00f3n de Agricultura y Medio Ambiente (SARNMA),<\/p>\n","protected":false},"author":8,"featured_media":58723,"comment_status":"open","ping_status":"open","sticky":false,"template":"","format":"standard","meta":{"footnotes":""},"categories":[43],"tags":[],"class_list":["post-58720","post","type-post","status-publish","format-standard","has-post-thumbnail","hentry","category-vivero-municipal"],"_links":{"self":[{"href":"https:\/\/munielchalpeten.gob.gt\/web\/wp-json\/wp\/v2\/posts\/58720","targetHints":{"allow":["GET"]}}],"collection":[{"href":"https:\/\/munielchalpeten.gob.gt\/web\/wp-json\/wp\/v2\/posts"}],"about":[{"href":"https:\/\/munielchalpeten.gob.gt\/web\/wp-json\/wp\/v2\/types\/post"}],"author":[{"embeddable":true,"href":"https:\/\/munielchalpeten.gob.gt\/web\/wp-json\/wp\/v2\/users\/8"}],"replies":[{"embeddable":true,"href":"https:\/\/munielchalpeten.gob.gt\/web\/wp-json\/wp\/v2\/comments?post=58720"}],"version-history":[{"count":1,"href":"https:\/\/munielchalpeten.gob.gt\/web\/wp-json\/wp\/v2\/posts\/58720\/revisions"}],"predecessor-version":[{"id":58724,"href":"https:\/\/munielchalpeten.gob.gt\/web\/wp-json\/wp\/v2\/posts\/58720\/revisions\/58724"}],"wp:featuredmedia":[{"embeddable":true,"href":"https:\/\/munielchalpeten.gob.gt\/web\/wp-json\/wp\/v2\/media\/58723"}],"wp:attachment":[{"href":"https:\/\/munielchalpeten.gob.gt\/web\/wp-json\/wp\/v2\/media?parent=58720"}],"wp:term":[{"taxonomy":"category","embeddable":true,"href":"https:\/\/munielchalpeten.gob.gt\/web\/wp-json\/wp\/v2\/categories?post=58720"},{"taxonomy":"post_tag","embeddable":true,"href":"https:\/\/munielchalpeten.gob.gt\/web\/wp-json\/wp\/v2\/tags?post=58720"}],"curies":[{"name":"wp","href":"https:\/\/api.w.org\/{rel}","templated":true}]}}