{"id":58715,"date":"2026-03-16T20:13:31","date_gmt":"2026-03-16T20:13:31","guid":{"rendered":"https:\/\/munielchalpeten.gob.gt\/web\/?p=58715"},"modified":"2026-03-16T20:13:32","modified_gmt":"2026-03-16T20:13:32","slug":"entrega-de-pilones-y-semillas-a-mujeres-organizadas-del-barrio-el-paraiso","status":"publish","type":"post","link":"https:\/\/munielchalpeten.gob.gt\/web\/2026\/03\/16\/entrega-de-pilones-y-semillas-a-mujeres-organizadas-del-barrio-el-paraiso\/","title":{"rendered":"ENTREGA DE PILONES Y SEMILLAS A MUJERES ORGANIZADAS DEL BARRIO EL PARA\u00cdSO."},"content":{"rendered":"\n<p>La Municipalidad de El Chal y el se\u00f1or Alcalde El\u00edas Calder\u00f3n \u00c1lvarez, a trav\u00e9s de la Secci\u00f3n de Agricultura, Recursos Naturales y Medio Ambiente -SARNMA-, en coordinaci\u00f3n con la Direcci\u00f3n Municipal de la Mujer -DMM- y el Vivero Municipal, realizaron la entrega de pilones y semillas a los grupos de mujeres organizadas del barrio El Para\u00edso, actividad llevada a cabo el d\u00eda jueves 26 de febrero.<\/p>\n\n\n\n<p>Las beneficiarias recibieron una variedad de semillas y pilones, entre los cuales se pueden mencionar:<\/p>\n\n\n\n<p><img decoding=\"async\" height=\"16\" width=\"16\" alt=\"\u25aa\ufe0f\" data-src=\"https:\/\/static.xx.fbcdn.net\/images\/emoji.php\/v9\/t4c\/1\/16\/25aa.png\" src=\"data:image\/svg+xml;base64,PHN2ZyB3aWR0aD0iMSIgaGVpZ2h0PSIxIiB4bWxucz0iaHR0cDovL3d3dy53My5vcmcvMjAwMC9zdmciPjwvc3ZnPg==\" class=\"lazyload\" style=\"--smush-placeholder-width: 16px; --smush-placeholder-aspect-ratio: 16\/16;\">Tomate<\/p>\n\n\n\n<p><img decoding=\"async\" height=\"16\" width=\"16\" alt=\"\u25aa\ufe0f\" data-src=\"https:\/\/static.xx.fbcdn.net\/images\/emoji.php\/v9\/t4c\/1\/16\/25aa.png\" src=\"data:image\/svg+xml;base64,PHN2ZyB3aWR0aD0iMSIgaGVpZ2h0PSIxIiB4bWxucz0iaHR0cDovL3d3dy53My5vcmcvMjAwMC9zdmciPjwvc3ZnPg==\" class=\"lazyload\" style=\"--smush-placeholder-width: 16px; --smush-placeholder-aspect-ratio: 16\/16;\">Acelga<\/p>\n\n\n\n<p><img decoding=\"async\" height=\"16\" width=\"16\" alt=\"\u25aa\ufe0f\" data-src=\"https:\/\/static.xx.fbcdn.net\/images\/emoji.php\/v9\/t4c\/1\/16\/25aa.png\" src=\"data:image\/svg+xml;base64,PHN2ZyB3aWR0aD0iMSIgaGVpZ2h0PSIxIiB4bWxucz0iaHR0cDovL3d3dy53My5vcmcvMjAwMC9zdmciPjwvc3ZnPg==\" class=\"lazyload\" style=\"--smush-placeholder-width: 16px; --smush-placeholder-aspect-ratio: 16\/16;\">Chile Jalape\u00f1o<\/p>\n\n\n\n<p><img decoding=\"async\" height=\"16\" width=\"16\" alt=\"\u25aa\ufe0f\" data-src=\"https:\/\/static.xx.fbcdn.net\/images\/emoji.php\/v9\/t4c\/1\/16\/25aa.png\" src=\"data:image\/svg+xml;base64,PHN2ZyB3aWR0aD0iMSIgaGVpZ2h0PSIxIiB4bWxucz0iaHR0cDovL3d3dy53My5vcmcvMjAwMC9zdmciPjwvc3ZnPg==\" class=\"lazyload\" style=\"--smush-placeholder-width: 16px; --smush-placeholder-aspect-ratio: 16\/16;\">chile dulce<\/p>\n\n\n\n<p><img decoding=\"async\" height=\"16\" width=\"16\" alt=\"\u25aa\ufe0f\" data-src=\"https:\/\/static.xx.fbcdn.net\/images\/emoji.php\/v9\/t4c\/1\/16\/25aa.png\" src=\"data:image\/svg+xml;base64,PHN2ZyB3aWR0aD0iMSIgaGVpZ2h0PSIxIiB4bWxucz0iaHR0cDovL3d3dy53My5vcmcvMjAwMC9zdmciPjwvc3ZnPg==\" class=\"lazyload\" style=\"--smush-placeholder-width: 16px; --smush-placeholder-aspect-ratio: 16\/16;\">Cilantro<\/p>\n\n\n\n<p><img decoding=\"async\" height=\"16\" width=\"16\" alt=\"\u25aa\ufe0f\" data-src=\"https:\/\/static.xx.fbcdn.net\/images\/emoji.php\/v9\/t4c\/1\/16\/25aa.png\" src=\"data:image\/svg+xml;base64,PHN2ZyB3aWR0aD0iMSIgaGVpZ2h0PSIxIiB4bWxucz0iaHR0cDovL3d3dy53My5vcmcvMjAwMC9zdmciPjwvc3ZnPg==\" class=\"lazyload\" style=\"--smush-placeholder-width: 16px; --smush-placeholder-aspect-ratio: 16\/16;\">Pepino<\/p>\n\n\n\n<p><img decoding=\"async\" height=\"16\" width=\"16\" alt=\"\u25aa\ufe0f\" data-src=\"https:\/\/static.xx.fbcdn.net\/images\/emoji.php\/v9\/t4c\/1\/16\/25aa.png\" src=\"data:image\/svg+xml;base64,PHN2ZyB3aWR0aD0iMSIgaGVpZ2h0PSIxIiB4bWxucz0iaHR0cDovL3d3dy53My5vcmcvMjAwMC9zdmciPjwvc3ZnPg==\" class=\"lazyload\" style=\"--smush-placeholder-width: 16px; --smush-placeholder-aspect-ratio: 16\/16;\">R\u00e1bano<\/p>\n\n\n\n<p><img decoding=\"async\" height=\"16\" width=\"16\" alt=\"\u25aa\ufe0f\" data-src=\"https:\/\/static.xx.fbcdn.net\/images\/emoji.php\/v9\/t4c\/1\/16\/25aa.png\" src=\"data:image\/svg+xml;base64,PHN2ZyB3aWR0aD0iMSIgaGVpZ2h0PSIxIiB4bWxucz0iaHR0cDovL3d3dy53My5vcmcvMjAwMC9zdmciPjwvc3ZnPg==\" class=\"lazyload\" style=\"--smush-placeholder-width: 16px; --smush-placeholder-aspect-ratio: 16\/16;\">Repollo<\/p>\n\n\n\n<p><img decoding=\"async\" height=\"16\" width=\"16\" alt=\"\u25aa\ufe0f\" data-src=\"https:\/\/static.xx.fbcdn.net\/images\/emoji.php\/v9\/t4c\/1\/16\/25aa.png\" src=\"data:image\/svg+xml;base64,PHN2ZyB3aWR0aD0iMSIgaGVpZ2h0PSIxIiB4bWxucz0iaHR0cDovL3d3dy53My5vcmcvMjAwMC9zdmciPjwvc3ZnPg==\" class=\"lazyload\" style=\"--smush-placeholder-width: 16px; --smush-placeholder-aspect-ratio: 16\/16;\">Chipilin<\/p>\n\n\n\n<p><img decoding=\"async\" height=\"16\" width=\"16\" alt=\"\u25aa\ufe0f\" data-src=\"https:\/\/static.xx.fbcdn.net\/images\/emoji.php\/v9\/t4c\/1\/16\/25aa.png\" src=\"data:image\/svg+xml;base64,PHN2ZyB3aWR0aD0iMSIgaGVpZ2h0PSIxIiB4bWxucz0iaHR0cDovL3d3dy53My5vcmcvMjAwMC9zdmciPjwvc3ZnPg==\" class=\"lazyload\" style=\"--smush-placeholder-width: 16px; --smush-placeholder-aspect-ratio: 16\/16;\">sand\u00eda<\/p>\n\n\n\n<p><img decoding=\"async\" height=\"16\" width=\"16\" alt=\"\u25aa\ufe0f\" data-src=\"https:\/\/static.xx.fbcdn.net\/images\/emoji.php\/v9\/t4c\/1\/16\/25aa.png\" src=\"data:image\/svg+xml;base64,PHN2ZyB3aWR0aD0iMSIgaGVpZ2h0PSIxIiB4bWxucz0iaHR0cDovL3d3dy53My5vcmcvMjAwMC9zdmciPjwvc3ZnPg==\" class=\"lazyload\" style=\"--smush-placeholder-width: 16px; --smush-placeholder-aspect-ratio: 16\/16;\">bledo<\/p>\n\n\n\n<p>Esta acci\u00f3n tiene como objetivo fortalecer los huertos familiares, promover la seguridad alimentaria y apoyar la econom\u00eda de los hogares del municipio.<\/p>\n\n\n\n<p>Las personas interesadas en solicitar pilones para iniciar su huerto pueden visitar la oficina del SARNMA en el edificio municipal o el Vivero Municipal, ubicado en el barrio San Carlos.<\/p>\n\n\n\n<p>Construyamos juntos el Municipio que queremos, Municipalidad de El Chal, Administraci\u00f3n 2024-2028.<\/p>\n\n\n\n<figure class=\"wp-block-gallery has-nested-images columns-default is-cropped wp-block-gallery-1 is-layout-flex wp-block-gallery-is-layout-flex\">\n<figure class=\"wp-block-image size-large\"><img decoding=\"async\" width=\"1024\" height=\"768\" data-id=\"58716\" data-src=\"https:\/\/munielchalpeten.gob.gt\/web\/wp-content\/uploads\/2026\/03\/645721314_1237146171955967_4951370547589600365_n-1024x768.jpg\" alt=\"\" class=\"wp-image-58716 lazyload\" data-srcset=\"https:\/\/munielchalpeten.gob.gt\/web\/wp-content\/uploads\/2026\/03\/645721314_1237146171955967_4951370547589600365_n-1024x768.jpg 1024w, https:\/\/munielchalpeten.gob.gt\/web\/wp-content\/uploads\/2026\/03\/645721314_1237146171955967_4951370547589600365_n-300x225.jpg 300w, https:\/\/munielchalpeten.gob.gt\/web\/wp-content\/uploads\/2026\/03\/645721314_1237146171955967_4951370547589600365_n-768x576.jpg 768w, https:\/\/munielchalpeten.gob.gt\/web\/wp-content\/uploads\/2026\/03\/645721314_1237146171955967_4951370547589600365_n-1536x1152.jpg 1536w, https:\/\/munielchalpeten.gob.gt\/web\/wp-content\/uploads\/2026\/03\/645721314_1237146171955967_4951370547589600365_n-scaled.jpg 1920w\" data-sizes=\"(max-width: 1024px) 100vw, 1024px\" src=\"data:image\/svg+xml;base64,PHN2ZyB3aWR0aD0iMSIgaGVpZ2h0PSIxIiB4bWxucz0iaHR0cDovL3d3dy53My5vcmcvMjAwMC9zdmciPjwvc3ZnPg==\" style=\"--smush-placeholder-width: 1024px; --smush-placeholder-aspect-ratio: 1024\/768;\" \/><\/figure>\n\n\n\n<figure class=\"wp-block-image size-large\"><img decoding=\"async\" width=\"1024\" height=\"768\" data-id=\"58718\" data-src=\"https:\/\/munielchalpeten.gob.gt\/web\/wp-content\/uploads\/2026\/03\/645765795_1237146265289291_859661282134327181_n-1024x768.jpg\" alt=\"\" class=\"wp-image-58718 lazyload\" data-srcset=\"https:\/\/munielchalpeten.gob.gt\/web\/wp-content\/uploads\/2026\/03\/645765795_1237146265289291_859661282134327181_n-1024x768.jpg 1024w, https:\/\/munielchalpeten.gob.gt\/web\/wp-content\/uploads\/2026\/03\/645765795_1237146265289291_859661282134327181_n-300x225.jpg 300w, https:\/\/munielchalpeten.gob.gt\/web\/wp-content\/uploads\/2026\/03\/645765795_1237146265289291_859661282134327181_n-768x576.jpg 768w, https:\/\/munielchalpeten.gob.gt\/web\/wp-content\/uploads\/2026\/03\/645765795_1237146265289291_859661282134327181_n-1536x1152.jpg 1536w, https:\/\/munielchalpeten.gob.gt\/web\/wp-content\/uploads\/2026\/03\/645765795_1237146265289291_859661282134327181_n-scaled.jpg 1920w\" data-sizes=\"(max-width: 1024px) 100vw, 1024px\" src=\"data:image\/svg+xml;base64,PHN2ZyB3aWR0aD0iMSIgaGVpZ2h0PSIxIiB4bWxucz0iaHR0cDovL3d3dy53My5vcmcvMjAwMC9zdmciPjwvc3ZnPg==\" style=\"--smush-placeholder-width: 1024px; --smush-placeholder-aspect-ratio: 1024\/768;\" \/><\/figure>\n\n\n\n<figure class=\"wp-block-image size-large\"><img decoding=\"async\" width=\"1024\" height=\"768\" data-id=\"58717\" data-src=\"https:\/\/munielchalpeten.gob.gt\/web\/wp-content\/uploads\/2026\/03\/645881975_1237146198622631_6225156237467174938_n-1024x768.jpg\" alt=\"\" class=\"wp-image-58717 lazyload\" data-srcset=\"https:\/\/munielchalpeten.gob.gt\/web\/wp-content\/uploads\/2026\/03\/645881975_1237146198622631_6225156237467174938_n-1024x768.jpg 1024w, https:\/\/munielchalpeten.gob.gt\/web\/wp-content\/uploads\/2026\/03\/645881975_1237146198622631_6225156237467174938_n-300x225.jpg 300w, https:\/\/munielchalpeten.gob.gt\/web\/wp-content\/uploads\/2026\/03\/645881975_1237146198622631_6225156237467174938_n-768x576.jpg 768w, https:\/\/munielchalpeten.gob.gt\/web\/wp-content\/uploads\/2026\/03\/645881975_1237146198622631_6225156237467174938_n-1536x1152.jpg 1536w, https:\/\/munielchalpeten.gob.gt\/web\/wp-content\/uploads\/2026\/03\/645881975_1237146198622631_6225156237467174938_n-scaled.jpg 1920w\" data-sizes=\"(max-width: 1024px) 100vw, 1024px\" src=\"data:image\/svg+xml;base64,PHN2ZyB3aWR0aD0iMSIgaGVpZ2h0PSIxIiB4bWxucz0iaHR0cDovL3d3dy53My5vcmcvMjAwMC9zdmciPjwvc3ZnPg==\" style=\"--smush-placeholder-width: 1024px; --smush-placeholder-aspect-ratio: 1024\/768;\" \/><\/figure>\n<\/figure>\n","protected":false},"excerpt":{"rendered":"<p>La Municipalidad de El Chal y el se\u00f1or Alcalde El\u00edas Calder\u00f3n \u00c1lvarez, a trav\u00e9s de la Secci\u00f3n de Agricultura, Recursos<\/p>\n","protected":false},"author":8,"featured_media":58716,"comment_status":"open","ping_status":"open","sticky":false,"template":"","format":"standard","meta":{"footnotes":""},"categories":[43],"tags":[],"class_list":["post-58715","post","type-post","status-publish","format-standard","has-post-thumbnail","hentry","category-vivero-municipal"],"_links":{"self":[{"href":"https:\/\/munielchalpeten.gob.gt\/web\/wp-json\/wp\/v2\/posts\/58715","targetHints":{"allow":["GET"]}}],"collection":[{"href":"https:\/\/munielchalpeten.gob.gt\/web\/wp-json\/wp\/v2\/posts"}],"about":[{"href":"https:\/\/munielchalpeten.gob.gt\/web\/wp-json\/wp\/v2\/types\/post"}],"author":[{"embeddable":true,"href":"https:\/\/munielchalpeten.gob.gt\/web\/wp-json\/wp\/v2\/users\/8"}],"replies":[{"embeddable":true,"href":"https:\/\/munielchalpeten.gob.gt\/web\/wp-json\/wp\/v2\/comments?post=58715"}],"version-history":[{"count":1,"href":"https:\/\/munielchalpeten.gob.gt\/web\/wp-json\/wp\/v2\/posts\/58715\/revisions"}],"predecessor-version":[{"id":58719,"href":"https:\/\/munielchalpeten.gob.gt\/web\/wp-json\/wp\/v2\/posts\/58715\/revisions\/58719"}],"wp:featuredmedia":[{"embeddable":true,"href":"https:\/\/munielchalpeten.gob.gt\/web\/wp-json\/wp\/v2\/media\/58716"}],"wp:attachment":[{"href":"https:\/\/munielchalpeten.gob.gt\/web\/wp-json\/wp\/v2\/media?parent=58715"}],"wp:term":[{"taxonomy":"category","embeddable":true,"href":"https:\/\/munielchalpeten.gob.gt\/web\/wp-json\/wp\/v2\/categories?post=58715"},{"taxonomy":"post_tag","embeddable":true,"href":"https:\/\/munielchalpeten.gob.gt\/web\/wp-json\/wp\/v2\/tags?post=58715"}],"curies":[{"name":"wp","href":"https:\/\/api.w.org\/{rel}","templated":true}]}}