{"id":58702,"date":"2026-03-16T20:08:12","date_gmt":"2026-03-16T20:08:12","guid":{"rendered":"https:\/\/munielchalpeten.gob.gt\/web\/?p=58702"},"modified":"2026-03-16T20:08:14","modified_gmt":"2026-03-16T20:08:14","slug":"feria-el-chal-2026","status":"publish","type":"post","link":"https:\/\/munielchalpeten.gob.gt\/web\/2026\/03\/16\/feria-el-chal-2026\/","title":{"rendered":"FERIA EL CHAL 2026"},"content":{"rendered":"\n<p>El se\u00f1or Alcalde Municipal El\u00edas Calder\u00f3n \u00c1lvarez y el Comit\u00e9 de Feria El Chal tienen el honor de invitar a toda la poblaci\u00f3n a disfrutar de nuestra esperada Feria de El Chal 2026, que se celebrar\u00e1 del 13 al 22 de marzo <\/p>\n\n\n\n<p>Ser\u00e1n d\u00edas llenos de cultura, deporte, tradici\u00f3n, fe y mucha alegr\u00eda para compartir en familia.<\/p>\n\n\n\n<p>Actividades destacadas:<\/p>\n\n\n\n<p> 7 de marzo \u2013 Presentaci\u00f3n oficial de Candidatas a Reina de Feria El Chal 2026.<\/p>\n\n\n\n<p>Una noche para conocer el talento y carisma de nuestras representantes de belleza <\/p>\n\n\n\n<p>13 de marzo \u2013 Gran Desfile Inaugural de Feria Colorido, m\u00fasica y el entusiasmo que caracteriza a nuestro pueblo.<\/p>\n\n\n\n<p> 13 de marzo \u2013 Elecci\u00f3n y Coronaci\u00f3n de Reina de Feria. Una velada especial donde se coronar\u00e1 a nuestra nueva soberana <\/p>\n\n\n\n<p> 15 de marzo \u2013 Tradicional Desfile H\u00edpico<\/p>\n\n\n\n<p>Elegancia, tradici\u00f3n y pasi\u00f3n ecuestre <\/p>\n\n\n\n<p> 19 de marzo \u2013 Solemnidad en honor a nuestro patrono San Jos\u00e9, un d\u00eda de fe y devoci\u00f3n para toda la comunidad <\/p>\n\n\n\n<p> 21 y 22 de marzo \u2013 Grandes Noches de Rodeo. Adrenalina, emoci\u00f3n y ambiente familiar en las antiguas instalaciones de UMPROSA<\/p>\n\n\n\n<p>Adem\u00e1s, se estar\u00e1n sumando muchas m\u00e1s actividades culturales, deportivas, sociales y recreativas al programa oficial <\/p>\n\n\n\n<p> \u00a1Est\u00e1n todos cordialmente invitados a vivir la alegr\u00eda de nuestra feria!<\/p>\n\n\n\n<p>\u00a1El Chal te espera con los brazos abiertos! <\/p>\n\n\n\n<figure class=\"wp-block-gallery has-nested-images columns-default is-cropped wp-block-gallery-1 is-layout-flex wp-block-gallery-is-layout-flex\">\n<figure class=\"wp-block-image size-large\"><img decoding=\"async\" width=\"1024\" height=\"1024\" data-id=\"58703\" data-src=\"https:\/\/munielchalpeten.gob.gt\/web\/wp-content\/uploads\/2026\/03\/642784077_1232196589117592_4699380862240664041_n-1024x1024.jpg\" alt=\"\" class=\"wp-image-58703 lazyload\" data-srcset=\"https:\/\/munielchalpeten.gob.gt\/web\/wp-content\/uploads\/2026\/03\/642784077_1232196589117592_4699380862240664041_n-1024x1024.jpg 1024w, https:\/\/munielchalpeten.gob.gt\/web\/wp-content\/uploads\/2026\/03\/642784077_1232196589117592_4699380862240664041_n-300x300.jpg 300w, https:\/\/munielchalpeten.gob.gt\/web\/wp-content\/uploads\/2026\/03\/642784077_1232196589117592_4699380862240664041_n-150x150.jpg 150w, https:\/\/munielchalpeten.gob.gt\/web\/wp-content\/uploads\/2026\/03\/642784077_1232196589117592_4699380862240664041_n-768x769.jpg 768w, https:\/\/munielchalpeten.gob.gt\/web\/wp-content\/uploads\/2026\/03\/642784077_1232196589117592_4699380862240664041_n-1534x1536.jpg 1534w, https:\/\/munielchalpeten.gob.gt\/web\/wp-content\/uploads\/2026\/03\/642784077_1232196589117592_4699380862240664041_n-scaled.jpg 1918w\" data-sizes=\"(max-width: 1024px) 100vw, 1024px\" src=\"data:image\/svg+xml;base64,PHN2ZyB3aWR0aD0iMSIgaGVpZ2h0PSIxIiB4bWxucz0iaHR0cDovL3d3dy53My5vcmcvMjAwMC9zdmciPjwvc3ZnPg==\" style=\"--smush-placeholder-width: 1024px; --smush-placeholder-aspect-ratio: 1024\/1024;\" \/><\/figure>\n<\/figure>\n","protected":false},"excerpt":{"rendered":"<p>El se\u00f1or Alcalde Municipal El\u00edas Calder\u00f3n \u00c1lvarez y el Comit\u00e9 de Feria El Chal tienen el honor de invitar a<\/p>\n","protected":false},"author":8,"featured_media":58703,"comment_status":"open","ping_status":"open","sticky":false,"template":"","format":"standard","meta":{"footnotes":""},"categories":[39],"tags":[],"class_list":["post-58702","post","type-post","status-publish","format-standard","has-post-thumbnail","hentry","category-cultura"],"_links":{"self":[{"href":"https:\/\/munielchalpeten.gob.gt\/web\/wp-json\/wp\/v2\/posts\/58702","targetHints":{"allow":["GET"]}}],"collection":[{"href":"https:\/\/munielchalpeten.gob.gt\/web\/wp-json\/wp\/v2\/posts"}],"about":[{"href":"https:\/\/munielchalpeten.gob.gt\/web\/wp-json\/wp\/v2\/types\/post"}],"author":[{"embeddable":true,"href":"https:\/\/munielchalpeten.gob.gt\/web\/wp-json\/wp\/v2\/users\/8"}],"replies":[{"embeddable":true,"href":"https:\/\/munielchalpeten.gob.gt\/web\/wp-json\/wp\/v2\/comments?post=58702"}],"version-history":[{"count":1,"href":"https:\/\/munielchalpeten.gob.gt\/web\/wp-json\/wp\/v2\/posts\/58702\/revisions"}],"predecessor-version":[{"id":58704,"href":"https:\/\/munielchalpeten.gob.gt\/web\/wp-json\/wp\/v2\/posts\/58702\/revisions\/58704"}],"wp:featuredmedia":[{"embeddable":true,"href":"https:\/\/munielchalpeten.gob.gt\/web\/wp-json\/wp\/v2\/media\/58703"}],"wp:attachment":[{"href":"https:\/\/munielchalpeten.gob.gt\/web\/wp-json\/wp\/v2\/media?parent=58702"}],"wp:term":[{"taxonomy":"category","embeddable":true,"href":"https:\/\/munielchalpeten.gob.gt\/web\/wp-json\/wp\/v2\/categories?post=58702"},{"taxonomy":"post_tag","embeddable":true,"href":"https:\/\/munielchalpeten.gob.gt\/web\/wp-json\/wp\/v2\/tags?post=58702"}],"curies":[{"name":"wp","href":"https:\/\/api.w.org\/{rel}","templated":true}]}}