{"id":58660,"date":"2026-03-10T20:22:13","date_gmt":"2026-03-10T20:22:13","guid":{"rendered":"https:\/\/munielchalpeten.gob.gt\/web\/?p=58660"},"modified":"2026-03-10T20:22:15","modified_gmt":"2026-03-10T20:22:15","slug":"nota-de-duelo-48","status":"publish","type":"post","link":"https:\/\/munielchalpeten.gob.gt\/web\/2026\/03\/10\/nota-de-duelo-48\/","title":{"rendered":"NOTA DE DUELO"},"content":{"rendered":"\n<p>El se\u00f1or Alcalde Municipal, El\u00edas Calder\u00f3n \u00c1lvarez y<\/p>\n\n\n\n<p>su Honorable Concejo Municipal, se unen al luto y profundo dolor que embarga a la familia de quien en vida fuera la apreciada se\u00f1ora: Teresa Gonzales Fajardo, residente del Barrio El Milagro del casco urbano municipal.<\/p>\n\n\n\n<p>Do\u00f1a Teresa fue una mujer noble, trabajadora y ejemplar, reconocida en nuestro municipio por su dedicaci\u00f3n, su esp\u00edritu solidario y el amor que siempre brind\u00f3 a su familia y a quienes tuvieron el privilegio de conocerla. Su legado de esfuerzo y valores permanecer\u00e1 en el coraz\u00f3n de nuestro pueblo.<\/p>\n\n\n\n<p>En este momento de tristeza, expresamos nuestras m\u00e1s sinceras condolencias a su familia, rogando a Dios les conceda fortaleza, resignaci\u00f3n y consuelo ante tan irreparable p\u00e9rdida.<\/p>\n\n\n\n<p>Descanse en paz.<\/p>\n\n\n\n<figure class=\"wp-block-gallery has-nested-images columns-default is-cropped wp-block-gallery-1 is-layout-flex wp-block-gallery-is-layout-flex\">\n<figure class=\"wp-block-image size-large\"><img decoding=\"async\" width=\"819\" height=\"1024\" data-id=\"58661\" data-src=\"https:\/\/munielchalpeten.gob.gt\/web\/wp-content\/uploads\/2026\/03\/635734809_1223905076613410_8856388960585157669_n-819x1024.jpg\" alt=\"\" class=\"wp-image-58661 lazyload\" data-srcset=\"https:\/\/munielchalpeten.gob.gt\/web\/wp-content\/uploads\/2026\/03\/635734809_1223905076613410_8856388960585157669_n-819x1024.jpg 819w, https:\/\/munielchalpeten.gob.gt\/web\/wp-content\/uploads\/2026\/03\/635734809_1223905076613410_8856388960585157669_n-240x300.jpg 240w, https:\/\/munielchalpeten.gob.gt\/web\/wp-content\/uploads\/2026\/03\/635734809_1223905076613410_8856388960585157669_n-768x960.jpg 768w, https:\/\/munielchalpeten.gob.gt\/web\/wp-content\/uploads\/2026\/03\/635734809_1223905076613410_8856388960585157669_n.jpg 1080w\" data-sizes=\"(max-width: 819px) 100vw, 819px\" src=\"data:image\/svg+xml;base64,PHN2ZyB3aWR0aD0iMSIgaGVpZ2h0PSIxIiB4bWxucz0iaHR0cDovL3d3dy53My5vcmcvMjAwMC9zdmciPjwvc3ZnPg==\" style=\"--smush-placeholder-width: 819px; --smush-placeholder-aspect-ratio: 819\/1024;\" \/><\/figure>\n<\/figure>\n","protected":false},"excerpt":{"rendered":"<p>El se\u00f1or Alcalde Municipal, El\u00edas Calder\u00f3n \u00c1lvarez y su Honorable Concejo Municipal, se unen al luto y profundo dolor que<\/p>\n","protected":false},"author":8,"featured_media":58661,"comment_status":"open","ping_status":"open","sticky":false,"template":"","format":"standard","meta":{"footnotes":""},"categories":[6],"tags":[],"class_list":["post-58660","post","type-post","status-publish","format-standard","has-post-thumbnail","hentry","category-noticias"],"_links":{"self":[{"href":"https:\/\/munielchalpeten.gob.gt\/web\/wp-json\/wp\/v2\/posts\/58660","targetHints":{"allow":["GET"]}}],"collection":[{"href":"https:\/\/munielchalpeten.gob.gt\/web\/wp-json\/wp\/v2\/posts"}],"about":[{"href":"https:\/\/munielchalpeten.gob.gt\/web\/wp-json\/wp\/v2\/types\/post"}],"author":[{"embeddable":true,"href":"https:\/\/munielchalpeten.gob.gt\/web\/wp-json\/wp\/v2\/users\/8"}],"replies":[{"embeddable":true,"href":"https:\/\/munielchalpeten.gob.gt\/web\/wp-json\/wp\/v2\/comments?post=58660"}],"version-history":[{"count":1,"href":"https:\/\/munielchalpeten.gob.gt\/web\/wp-json\/wp\/v2\/posts\/58660\/revisions"}],"predecessor-version":[{"id":58662,"href":"https:\/\/munielchalpeten.gob.gt\/web\/wp-json\/wp\/v2\/posts\/58660\/revisions\/58662"}],"wp:featuredmedia":[{"embeddable":true,"href":"https:\/\/munielchalpeten.gob.gt\/web\/wp-json\/wp\/v2\/media\/58661"}],"wp:attachment":[{"href":"https:\/\/munielchalpeten.gob.gt\/web\/wp-json\/wp\/v2\/media?parent=58660"}],"wp:term":[{"taxonomy":"category","embeddable":true,"href":"https:\/\/munielchalpeten.gob.gt\/web\/wp-json\/wp\/v2\/categories?post=58660"},{"taxonomy":"post_tag","embeddable":true,"href":"https:\/\/munielchalpeten.gob.gt\/web\/wp-json\/wp\/v2\/tags?post=58660"}],"curies":[{"name":"wp","href":"https:\/\/api.w.org\/{rel}","templated":true}]}}