{"id":58566,"date":"2026-01-28T20:19:55","date_gmt":"2026-01-28T20:19:55","guid":{"rendered":"https:\/\/munielchalpeten.gob.gt\/web\/?p=58566"},"modified":"2026-01-28T20:19:55","modified_gmt":"2026-01-28T20:19:55","slug":"mercadito-solidario-5","status":"publish","type":"post","link":"https:\/\/munielchalpeten.gob.gt\/web\/2026\/01\/28\/mercadito-solidario-5\/","title":{"rendered":"MERCADITO SOLIDARIO"},"content":{"rendered":"\n<p>Queridos vecinos y vecinas, los invitamos cordialmente a ser parte del Mercadito Solidario y Campesino El Chal, un espacio creado para compartir, apoyar y fortalecer a nuestra gente trabajadora.<\/p>\n\n\n\n<p>Fecha: Viernes, 30 de enero<\/p>\n\n\n\n<p> Hora: Desde las 7:00 am.<\/p>\n\n\n\n<p> Lugar: Parque Municipal<\/p>\n\n\n\n<p>Ven y disfruta de una amplia variedad de productos frescos del campo, artesan\u00edas, platillos t\u00edpicos, bebidas refrescantes y mucho m\u00e1s, elaborados con esfuerzo y dedicaci\u00f3n por productores y emprendedores locales.<\/p>\n\n\n\n<p>Cada compra que realices no solo llenar\u00e1 tu mesa de calidad y sabor, sino que tambi\u00e9n ser\u00e1 un aporte solidario y un impulso directo al comercio local, apoyando a las familias de nuestro municipio.<\/p>\n\n\n\n<p>Construyamos juntos el Municipio que queremos, Municipalidad de El Chal, Administraci\u00f3n 2024 &#8211; 2028<\/p>\n\n\n\n<figure class=\"wp-block-gallery has-nested-images columns-default is-cropped wp-block-gallery-1 is-layout-flex wp-block-gallery-is-layout-flex\">\n<figure class=\"wp-block-image size-large\"><img decoding=\"async\" width=\"1024\" height=\"1024\" data-id=\"58567\" data-src=\"https:\/\/munielchalpeten.gob.gt\/web\/wp-content\/uploads\/2026\/01\/619514211_1208586581478593_171825760622481631_n-1024x1024.jpg\" alt=\"\" class=\"wp-image-58567 lazyload\" data-srcset=\"https:\/\/munielchalpeten.gob.gt\/web\/wp-content\/uploads\/2026\/01\/619514211_1208586581478593_171825760622481631_n-1024x1024.jpg 1024w, https:\/\/munielchalpeten.gob.gt\/web\/wp-content\/uploads\/2026\/01\/619514211_1208586581478593_171825760622481631_n-300x300.jpg 300w, https:\/\/munielchalpeten.gob.gt\/web\/wp-content\/uploads\/2026\/01\/619514211_1208586581478593_171825760622481631_n-150x150.jpg 150w, https:\/\/munielchalpeten.gob.gt\/web\/wp-content\/uploads\/2026\/01\/619514211_1208586581478593_171825760622481631_n-768x768.jpg 768w, https:\/\/munielchalpeten.gob.gt\/web\/wp-content\/uploads\/2026\/01\/619514211_1208586581478593_171825760622481631_n.jpg 1080w\" data-sizes=\"(max-width: 1024px) 100vw, 1024px\" src=\"data:image\/svg+xml;base64,PHN2ZyB3aWR0aD0iMSIgaGVpZ2h0PSIxIiB4bWxucz0iaHR0cDovL3d3dy53My5vcmcvMjAwMC9zdmciPjwvc3ZnPg==\" style=\"--smush-placeholder-width: 1024px; --smush-placeholder-aspect-ratio: 1024\/1024;\" \/><\/figure>\n<\/figure>\n","protected":false},"excerpt":{"rendered":"<p>Queridos vecinos y vecinas, los invitamos cordialmente a ser parte del Mercadito Solidario y Campesino El Chal, un espacio creado<\/p>\n","protected":false},"author":8,"featured_media":58567,"comment_status":"open","ping_status":"open","sticky":false,"template":"","format":"standard","meta":{"footnotes":""},"categories":[6],"tags":[],"class_list":["post-58566","post","type-post","status-publish","format-standard","has-post-thumbnail","hentry","category-noticias"],"_links":{"self":[{"href":"https:\/\/munielchalpeten.gob.gt\/web\/wp-json\/wp\/v2\/posts\/58566","targetHints":{"allow":["GET"]}}],"collection":[{"href":"https:\/\/munielchalpeten.gob.gt\/web\/wp-json\/wp\/v2\/posts"}],"about":[{"href":"https:\/\/munielchalpeten.gob.gt\/web\/wp-json\/wp\/v2\/types\/post"}],"author":[{"embeddable":true,"href":"https:\/\/munielchalpeten.gob.gt\/web\/wp-json\/wp\/v2\/users\/8"}],"replies":[{"embeddable":true,"href":"https:\/\/munielchalpeten.gob.gt\/web\/wp-json\/wp\/v2\/comments?post=58566"}],"version-history":[{"count":1,"href":"https:\/\/munielchalpeten.gob.gt\/web\/wp-json\/wp\/v2\/posts\/58566\/revisions"}],"predecessor-version":[{"id":58568,"href":"https:\/\/munielchalpeten.gob.gt\/web\/wp-json\/wp\/v2\/posts\/58566\/revisions\/58568"}],"wp:featuredmedia":[{"embeddable":true,"href":"https:\/\/munielchalpeten.gob.gt\/web\/wp-json\/wp\/v2\/media\/58567"}],"wp:attachment":[{"href":"https:\/\/munielchalpeten.gob.gt\/web\/wp-json\/wp\/v2\/media?parent=58566"}],"wp:term":[{"taxonomy":"category","embeddable":true,"href":"https:\/\/munielchalpeten.gob.gt\/web\/wp-json\/wp\/v2\/categories?post=58566"},{"taxonomy":"post_tag","embeddable":true,"href":"https:\/\/munielchalpeten.gob.gt\/web\/wp-json\/wp\/v2\/tags?post=58566"}],"curies":[{"name":"wp","href":"https:\/\/api.w.org\/{rel}","templated":true}]}}