{"id":58525,"date":"2026-01-27T16:33:27","date_gmt":"2026-01-27T16:33:27","guid":{"rendered":"https:\/\/munielchalpeten.gob.gt\/web\/?p=58525"},"modified":"2026-01-27T16:33:27","modified_gmt":"2026-01-27T16:33:27","slug":"jornada-gratis","status":"publish","type":"post","link":"https:\/\/munielchalpeten.gob.gt\/web\/2026\/01\/27\/jornada-gratis\/","title":{"rendered":"JORNADA GRATIS"},"content":{"rendered":"\n<p>Jornada de Papanicolaou Completamente \u00abGRATIS\u00bb<\/p>\n\n\n\n<p> Viernes 13 de febrero de 2026<\/p>\n\n\n\n<p> Desde las 8:00 am.<\/p>\n\n\n\n<p> Sal\u00f3n Municipal, Barrio El Para\u00edso, El Chal, Pet\u00e9n.<\/p>\n\n\n\n<p> Resultados entregados el mismo d\u00eda<\/p>\n\n\n\n<p> Adem\u00e1s, contaremos con los siguientes servicios gratuitos:<\/p>\n\n\n\n<p>\u2022 Consulta general<\/p>\n\n\n\n<p>\u2022 Pruebas de VIH<\/p>\n\n\n\n<p>\u2022 Gota gruesa<\/p>\n\n\n\n<p>\u2022 Vacunaci\u00f3n<\/p>\n\n\n\n<p>\u2022 Control de peso y talla<\/p>\n\n\n\n<p>\u2022 Suplementaci\u00f3n<\/p>\n\n\n\n<p> La prevenci\u00f3n salva vidas. No dejes pasar esta oportunidad y comparte esta informaci\u00f3n con familiares y amigas.<\/p>\n\n\n\n<p> Para m\u00e1s informaci\u00f3n comunicate al tel\u00e9fono: 3019-1999<\/p>\n\n\n\n<p>Con el apoyo de: Cl\u00ednica M\u00e9dica SewHope<\/p>\n\n\n\n<p>Municipalidad de El Chal y Ministerio de Salud P\u00fablica y Asistencia Social.<\/p>\n\n\n\n<figure class=\"wp-block-gallery has-nested-images columns-default is-cropped wp-block-gallery-1 is-layout-flex wp-block-gallery-is-layout-flex\">\n<figure class=\"wp-block-image size-large\"><img decoding=\"async\" width=\"724\" height=\"1024\" data-id=\"58526\" data-src=\"https:\/\/munielchalpeten.gob.gt\/web\/wp-content\/uploads\/2026\/01\/616841965_1202472952089956_3882347575735406033_n-724x1024.jpg\" alt=\"\" class=\"wp-image-58526 lazyload\" data-srcset=\"https:\/\/munielchalpeten.gob.gt\/web\/wp-content\/uploads\/2026\/01\/616841965_1202472952089956_3882347575735406033_n-724x1024.jpg 724w, https:\/\/munielchalpeten.gob.gt\/web\/wp-content\/uploads\/2026\/01\/616841965_1202472952089956_3882347575735406033_n-212x300.jpg 212w, https:\/\/munielchalpeten.gob.gt\/web\/wp-content\/uploads\/2026\/01\/616841965_1202472952089956_3882347575735406033_n-768x1086.jpg 768w, https:\/\/munielchalpeten.gob.gt\/web\/wp-content\/uploads\/2026\/01\/616841965_1202472952089956_3882347575735406033_n-1086x1536.jpg 1086w, https:\/\/munielchalpeten.gob.gt\/web\/wp-content\/uploads\/2026\/01\/616841965_1202472952089956_3882347575735406033_n.jpg 1131w\" data-sizes=\"(max-width: 724px) 100vw, 724px\" src=\"data:image\/svg+xml;base64,PHN2ZyB3aWR0aD0iMSIgaGVpZ2h0PSIxIiB4bWxucz0iaHR0cDovL3d3dy53My5vcmcvMjAwMC9zdmciPjwvc3ZnPg==\" style=\"--smush-placeholder-width: 724px; --smush-placeholder-aspect-ratio: 724\/1024;\" \/><\/figure>\n<\/figure>\n","protected":false},"excerpt":{"rendered":"<p>Jornada de Papanicolaou Completamente \u00abGRATIS\u00bb Viernes 13 de febrero de 2026 Desde las 8:00 am. Sal\u00f3n Municipal, Barrio El Para\u00edso,<\/p>\n","protected":false},"author":8,"featured_media":58526,"comment_status":"open","ping_status":"open","sticky":false,"template":"","format":"standard","meta":{"footnotes":""},"categories":[6],"tags":[],"class_list":["post-58525","post","type-post","status-publish","format-standard","has-post-thumbnail","hentry","category-noticias"],"_links":{"self":[{"href":"https:\/\/munielchalpeten.gob.gt\/web\/wp-json\/wp\/v2\/posts\/58525","targetHints":{"allow":["GET"]}}],"collection":[{"href":"https:\/\/munielchalpeten.gob.gt\/web\/wp-json\/wp\/v2\/posts"}],"about":[{"href":"https:\/\/munielchalpeten.gob.gt\/web\/wp-json\/wp\/v2\/types\/post"}],"author":[{"embeddable":true,"href":"https:\/\/munielchalpeten.gob.gt\/web\/wp-json\/wp\/v2\/users\/8"}],"replies":[{"embeddable":true,"href":"https:\/\/munielchalpeten.gob.gt\/web\/wp-json\/wp\/v2\/comments?post=58525"}],"version-history":[{"count":1,"href":"https:\/\/munielchalpeten.gob.gt\/web\/wp-json\/wp\/v2\/posts\/58525\/revisions"}],"predecessor-version":[{"id":58527,"href":"https:\/\/munielchalpeten.gob.gt\/web\/wp-json\/wp\/v2\/posts\/58525\/revisions\/58527"}],"wp:featuredmedia":[{"embeddable":true,"href":"https:\/\/munielchalpeten.gob.gt\/web\/wp-json\/wp\/v2\/media\/58526"}],"wp:attachment":[{"href":"https:\/\/munielchalpeten.gob.gt\/web\/wp-json\/wp\/v2\/media?parent=58525"}],"wp:term":[{"taxonomy":"category","embeddable":true,"href":"https:\/\/munielchalpeten.gob.gt\/web\/wp-json\/wp\/v2\/categories?post=58525"},{"taxonomy":"post_tag","embeddable":true,"href":"https:\/\/munielchalpeten.gob.gt\/web\/wp-json\/wp\/v2\/tags?post=58525"}],"curies":[{"name":"wp","href":"https:\/\/api.w.org\/{rel}","templated":true}]}}