{"id":58514,"date":"2026-01-27T16:28:22","date_gmt":"2026-01-27T16:28:22","guid":{"rendered":"https:\/\/munielchalpeten.gob.gt\/web\/?p=58514"},"modified":"2026-01-27T16:28:22","modified_gmt":"2026-01-27T16:28:22","slug":"nota-de-duelo-46","status":"publish","type":"post","link":"https:\/\/munielchalpeten.gob.gt\/web\/2026\/01\/27\/nota-de-duelo-46\/","title":{"rendered":"NOTA DE DUELO"},"content":{"rendered":"\n<p>Viernes 16 de enero de 2026<\/p>\n\n\n\n<p>La Municipalidad de El Chal, Pet\u00e9n, el se\u00f1or Alcalde Municipal El\u00edas Calder\u00f3n \u00c1lvarez y su Honorable Concejo Municipal, lamentan profundamente el sensible fallecimiento de la Sra. Catalina G\u00f3mez, conocida con cari\u00f1o por todos como Do\u00f1a Cata, una mujer recordada por su nobleza, sencillez y esp\u00edritu trabajador.<\/p>\n\n\n\n<p>Do\u00f1a Cata deja una huella imborrable en nuestro municipio, siendo ejemplo de esfuerzo, valores y amor por su familia. Su legado vivir\u00e1 en el coraz\u00f3n de quienes tuvieron el privilegio de conocerla y compartir con ella.<\/p>\n\n\n\n<p>Expresamos nuestras m\u00e1s sinceras condolencias y muestras de solidaridad a su apreciada familia y seres queridos, elevando una oraci\u00f3n para que Dios les conceda fortaleza, resignaci\u00f3n y consuelo en este dif\u00edcil momento.<\/p>\n\n\n\n<p>Que Dios la tenga en su santa gloria y que a su alma le otorgue el eterno descanso.<\/p>\n\n\n\n<figure class=\"wp-block-gallery has-nested-images columns-default is-cropped wp-block-gallery-1 is-layout-flex wp-block-gallery-is-layout-flex\">\n<figure class=\"wp-block-image size-large\"><img decoding=\"async\" width=\"768\" height=\"1024\" data-id=\"58515\" data-src=\"https:\/\/munielchalpeten.gob.gt\/web\/wp-content\/uploads\/2026\/01\/616069809_1199641399039778_5012056737506010882_n-768x1024.jpg\" alt=\"\" class=\"wp-image-58515 lazyload\" data-srcset=\"https:\/\/munielchalpeten.gob.gt\/web\/wp-content\/uploads\/2026\/01\/616069809_1199641399039778_5012056737506010882_n-768x1024.jpg 768w, https:\/\/munielchalpeten.gob.gt\/web\/wp-content\/uploads\/2026\/01\/616069809_1199641399039778_5012056737506010882_n-225x300.jpg 225w, https:\/\/munielchalpeten.gob.gt\/web\/wp-content\/uploads\/2026\/01\/616069809_1199641399039778_5012056737506010882_n.jpg 1080w\" data-sizes=\"(max-width: 768px) 100vw, 768px\" src=\"data:image\/svg+xml;base64,PHN2ZyB3aWR0aD0iMSIgaGVpZ2h0PSIxIiB4bWxucz0iaHR0cDovL3d3dy53My5vcmcvMjAwMC9zdmciPjwvc3ZnPg==\" style=\"--smush-placeholder-width: 768px; --smush-placeholder-aspect-ratio: 768\/1024;\" \/><\/figure>\n<\/figure>\n","protected":false},"excerpt":{"rendered":"<p>Viernes 16 de enero de 2026 La Municipalidad de El Chal, Pet\u00e9n, el se\u00f1or Alcalde Municipal El\u00edas Calder\u00f3n \u00c1lvarez y<\/p>\n","protected":false},"author":8,"featured_media":58515,"comment_status":"open","ping_status":"open","sticky":false,"template":"","format":"standard","meta":{"footnotes":""},"categories":[6],"tags":[],"class_list":["post-58514","post","type-post","status-publish","format-standard","has-post-thumbnail","hentry","category-noticias"],"_links":{"self":[{"href":"https:\/\/munielchalpeten.gob.gt\/web\/wp-json\/wp\/v2\/posts\/58514","targetHints":{"allow":["GET"]}}],"collection":[{"href":"https:\/\/munielchalpeten.gob.gt\/web\/wp-json\/wp\/v2\/posts"}],"about":[{"href":"https:\/\/munielchalpeten.gob.gt\/web\/wp-json\/wp\/v2\/types\/post"}],"author":[{"embeddable":true,"href":"https:\/\/munielchalpeten.gob.gt\/web\/wp-json\/wp\/v2\/users\/8"}],"replies":[{"embeddable":true,"href":"https:\/\/munielchalpeten.gob.gt\/web\/wp-json\/wp\/v2\/comments?post=58514"}],"version-history":[{"count":1,"href":"https:\/\/munielchalpeten.gob.gt\/web\/wp-json\/wp\/v2\/posts\/58514\/revisions"}],"predecessor-version":[{"id":58516,"href":"https:\/\/munielchalpeten.gob.gt\/web\/wp-json\/wp\/v2\/posts\/58514\/revisions\/58516"}],"wp:featuredmedia":[{"embeddable":true,"href":"https:\/\/munielchalpeten.gob.gt\/web\/wp-json\/wp\/v2\/media\/58515"}],"wp:attachment":[{"href":"https:\/\/munielchalpeten.gob.gt\/web\/wp-json\/wp\/v2\/media?parent=58514"}],"wp:term":[{"taxonomy":"category","embeddable":true,"href":"https:\/\/munielchalpeten.gob.gt\/web\/wp-json\/wp\/v2\/categories?post=58514"},{"taxonomy":"post_tag","embeddable":true,"href":"https:\/\/munielchalpeten.gob.gt\/web\/wp-json\/wp\/v2\/tags?post=58514"}],"curies":[{"name":"wp","href":"https:\/\/api.w.org\/{rel}","templated":true}]}}