{"id":58494,"date":"2026-01-21T16:20:24","date_gmt":"2026-01-21T16:20:24","guid":{"rendered":"https:\/\/munielchalpeten.gob.gt\/web\/?p=58494"},"modified":"2026-01-21T16:20:27","modified_gmt":"2026-01-21T16:20:27","slug":"nota-de-duelo-45","status":"publish","type":"post","link":"https:\/\/munielchalpeten.gob.gt\/web\/2026\/01\/21\/nota-de-duelo-45\/","title":{"rendered":"NOTA DE DUELO"},"content":{"rendered":"\n<p>El se\u00f1or Alcalde Municipal, El\u00edas Calder\u00f3n \u00c1lvarez, y su Honorable Concejo Municipal, expresan su m\u00e1s profunda solidaridad a la familia del Licenciado Edy Josu\u00e9 Romero, Director de CUDEP \u2013 USAC, ante su lamentable y tr\u00e1gico fallecimiento, ocurrido est\u00e1 ma\u00f1ana de jueves en un nuevo hecho de violencia que enluta a nuestro departamento de Pet\u00e9n.<\/p>\n\n\n\n<p>Condenamos en\u00e9rgicamente este cruel y cobarde asesinato de un hombre noble, \u00edntegro y trabajador, cuya vida fue arrebatada injustamente. Exigimos a las autoridades competentes que se agilicen las investigaciones correspondientes para dar con los responsables y que este crimen no quede en la impunidad.<\/p>\n\n\n\n<p>Nos unimos al dolor de sus seres queridos, amigos y comunidad universitaria, elevando nuestras oraciones por el eterno descanso de su alma.<\/p>\n\n\n\n<p>Nuestro m\u00e1s sentido p\u00e9same. Descanse en paz.<\/p>\n\n\n\n<figure class=\"wp-block-gallery has-nested-images columns-default is-cropped wp-block-gallery-1 is-layout-flex wp-block-gallery-is-layout-flex\">\n<figure class=\"wp-block-image size-large\"><img decoding=\"async\" width=\"819\" height=\"1024\" data-id=\"58495\" data-src=\"https:\/\/munielchalpeten.gob.gt\/web\/wp-content\/uploads\/2026\/01\/613026384_1193630739640844_5210211613023958142_n-819x1024.jpg\" alt=\"\" class=\"wp-image-58495 lazyload\" data-srcset=\"https:\/\/munielchalpeten.gob.gt\/web\/wp-content\/uploads\/2026\/01\/613026384_1193630739640844_5210211613023958142_n-819x1024.jpg 819w, https:\/\/munielchalpeten.gob.gt\/web\/wp-content\/uploads\/2026\/01\/613026384_1193630739640844_5210211613023958142_n-240x300.jpg 240w, https:\/\/munielchalpeten.gob.gt\/web\/wp-content\/uploads\/2026\/01\/613026384_1193630739640844_5210211613023958142_n-768x960.jpg 768w, https:\/\/munielchalpeten.gob.gt\/web\/wp-content\/uploads\/2026\/01\/613026384_1193630739640844_5210211613023958142_n.jpg 1080w\" data-sizes=\"(max-width: 819px) 100vw, 819px\" src=\"data:image\/svg+xml;base64,PHN2ZyB3aWR0aD0iMSIgaGVpZ2h0PSIxIiB4bWxucz0iaHR0cDovL3d3dy53My5vcmcvMjAwMC9zdmciPjwvc3ZnPg==\" style=\"--smush-placeholder-width: 819px; --smush-placeholder-aspect-ratio: 819\/1024;\" \/><\/figure>\n<\/figure>\n","protected":false},"excerpt":{"rendered":"<p>El se\u00f1or Alcalde Municipal, El\u00edas Calder\u00f3n \u00c1lvarez, y su Honorable Concejo Municipal, expresan su m\u00e1s profunda solidaridad a la familia<\/p>\n","protected":false},"author":8,"featured_media":58495,"comment_status":"open","ping_status":"open","sticky":false,"template":"","format":"standard","meta":{"footnotes":""},"categories":[6,1],"tags":[],"class_list":["post-58494","post","type-post","status-publish","format-standard","has-post-thumbnail","hentry","category-noticias","category-sin-categoria"],"_links":{"self":[{"href":"https:\/\/munielchalpeten.gob.gt\/web\/wp-json\/wp\/v2\/posts\/58494","targetHints":{"allow":["GET"]}}],"collection":[{"href":"https:\/\/munielchalpeten.gob.gt\/web\/wp-json\/wp\/v2\/posts"}],"about":[{"href":"https:\/\/munielchalpeten.gob.gt\/web\/wp-json\/wp\/v2\/types\/post"}],"author":[{"embeddable":true,"href":"https:\/\/munielchalpeten.gob.gt\/web\/wp-json\/wp\/v2\/users\/8"}],"replies":[{"embeddable":true,"href":"https:\/\/munielchalpeten.gob.gt\/web\/wp-json\/wp\/v2\/comments?post=58494"}],"version-history":[{"count":1,"href":"https:\/\/munielchalpeten.gob.gt\/web\/wp-json\/wp\/v2\/posts\/58494\/revisions"}],"predecessor-version":[{"id":58496,"href":"https:\/\/munielchalpeten.gob.gt\/web\/wp-json\/wp\/v2\/posts\/58494\/revisions\/58496"}],"wp:featuredmedia":[{"embeddable":true,"href":"https:\/\/munielchalpeten.gob.gt\/web\/wp-json\/wp\/v2\/media\/58495"}],"wp:attachment":[{"href":"https:\/\/munielchalpeten.gob.gt\/web\/wp-json\/wp\/v2\/media?parent=58494"}],"wp:term":[{"taxonomy":"category","embeddable":true,"href":"https:\/\/munielchalpeten.gob.gt\/web\/wp-json\/wp\/v2\/categories?post=58494"},{"taxonomy":"post_tag","embeddable":true,"href":"https:\/\/munielchalpeten.gob.gt\/web\/wp-json\/wp\/v2\/tags?post=58494"}],"curies":[{"name":"wp","href":"https:\/\/api.w.org\/{rel}","templated":true}]}}