{"id":58377,"date":"2025-12-11T20:59:07","date_gmt":"2025-12-11T20:59:07","guid":{"rendered":"https:\/\/munielchalpeten.gob.gt\/web\/?p=58377"},"modified":"2025-12-11T20:59:07","modified_gmt":"2025-12-11T20:59:07","slug":"buenas-obras","status":"publish","type":"post","link":"https:\/\/munielchalpeten.gob.gt\/web\/2025\/12\/11\/buenas-obras\/","title":{"rendered":"BUENAS OBRAS"},"content":{"rendered":"\n<p>El se\u00f1or Alcalde Municipal El\u00edas Calder\u00f3n \u00c1lvarez, durante su administraci\u00f3n, ha demostrado capacidad, visi\u00f3n e iniciativa para trabajar de manera activa con los vecinos y vecinas de El Chal.<\/p>\n\n\n\n<p>En esta ocasi\u00f3n se brind\u00f3 apoyo a la Comunidad Q\u2019eqchi\u2019 de la Iglesia Sagrada Familia del Barrio El Milagro, El Chal, Pet\u00e9n. El aporte consisti\u00f3 en la entrega de dos camionadas de material tipo balastro, utilizado para el mejoramiento del \u00e1rea.<\/p>\n\n\n\n<p>Construyamos juntos el municipio que queremos.<br>Municipalidad de El Chal, Administraci\u00f3n 2024-2028.<\/p>\n\n\n\n<figure class=\"wp-block-gallery has-nested-images columns-default is-cropped wp-block-gallery-1 is-layout-flex wp-block-gallery-is-layout-flex\">\n<figure class=\"wp-block-image size-large\"><img decoding=\"async\" width=\"1024\" height=\"561\" data-id=\"58378\" data-src=\"https:\/\/munielchalpeten.gob.gt\/web\/wp-content\/uploads\/2025\/12\/594057394_1164921805845071_6961595309477683045_n-1024x561.jpg\" alt=\"\" class=\"wp-image-58378 lazyload\" data-srcset=\"https:\/\/munielchalpeten.gob.gt\/web\/wp-content\/uploads\/2025\/12\/594057394_1164921805845071_6961595309477683045_n-1024x561.jpg 1024w, https:\/\/munielchalpeten.gob.gt\/web\/wp-content\/uploads\/2025\/12\/594057394_1164921805845071_6961595309477683045_n-300x164.jpg 300w, https:\/\/munielchalpeten.gob.gt\/web\/wp-content\/uploads\/2025\/12\/594057394_1164921805845071_6961595309477683045_n-768x421.jpg 768w, https:\/\/munielchalpeten.gob.gt\/web\/wp-content\/uploads\/2025\/12\/594057394_1164921805845071_6961595309477683045_n.jpg 1037w\" data-sizes=\"(max-width: 1024px) 100vw, 1024px\" src=\"data:image\/svg+xml;base64,PHN2ZyB3aWR0aD0iMSIgaGVpZ2h0PSIxIiB4bWxucz0iaHR0cDovL3d3dy53My5vcmcvMjAwMC9zdmciPjwvc3ZnPg==\" style=\"--smush-placeholder-width: 1024px; --smush-placeholder-aspect-ratio: 1024\/561;\" \/><\/figure>\n\n\n\n<figure class=\"wp-block-image size-large\"><img decoding=\"async\" width=\"1024\" height=\"569\" data-id=\"58380\" data-src=\"https:\/\/munielchalpeten.gob.gt\/web\/wp-content\/uploads\/2025\/12\/594068443_1164921789178406_8412626990370569063_n-1024x569.jpg\" alt=\"\" class=\"wp-image-58380 lazyload\" data-srcset=\"https:\/\/munielchalpeten.gob.gt\/web\/wp-content\/uploads\/2025\/12\/594068443_1164921789178406_8412626990370569063_n-1024x569.jpg 1024w, https:\/\/munielchalpeten.gob.gt\/web\/wp-content\/uploads\/2025\/12\/594068443_1164921789178406_8412626990370569063_n-300x167.jpg 300w, https:\/\/munielchalpeten.gob.gt\/web\/wp-content\/uploads\/2025\/12\/594068443_1164921789178406_8412626990370569063_n-768x427.jpg 768w, https:\/\/munielchalpeten.gob.gt\/web\/wp-content\/uploads\/2025\/12\/594068443_1164921789178406_8412626990370569063_n-800x445.jpg 800w, https:\/\/munielchalpeten.gob.gt\/web\/wp-content\/uploads\/2025\/12\/594068443_1164921789178406_8412626990370569063_n.jpg 1035w\" data-sizes=\"(max-width: 1024px) 100vw, 1024px\" src=\"data:image\/svg+xml;base64,PHN2ZyB3aWR0aD0iMSIgaGVpZ2h0PSIxIiB4bWxucz0iaHR0cDovL3d3dy53My5vcmcvMjAwMC9zdmciPjwvc3ZnPg==\" style=\"--smush-placeholder-width: 1024px; --smush-placeholder-aspect-ratio: 1024\/569;\" \/><\/figure>\n\n\n\n<figure class=\"wp-block-image size-large\"><img decoding=\"async\" width=\"768\" height=\"1024\" data-id=\"58379\" data-src=\"https:\/\/munielchalpeten.gob.gt\/web\/wp-content\/uploads\/2025\/12\/594072053_1164921849178400_2637076784596521242_n-768x1024.jpg\" alt=\"\" class=\"wp-image-58379 lazyload\" data-srcset=\"https:\/\/munielchalpeten.gob.gt\/web\/wp-content\/uploads\/2025\/12\/594072053_1164921849178400_2637076784596521242_n-768x1024.jpg 768w, https:\/\/munielchalpeten.gob.gt\/web\/wp-content\/uploads\/2025\/12\/594072053_1164921849178400_2637076784596521242_n-225x300.jpg 225w, https:\/\/munielchalpeten.gob.gt\/web\/wp-content\/uploads\/2025\/12\/594072053_1164921849178400_2637076784596521242_n.jpg 960w\" data-sizes=\"(max-width: 768px) 100vw, 768px\" src=\"data:image\/svg+xml;base64,PHN2ZyB3aWR0aD0iMSIgaGVpZ2h0PSIxIiB4bWxucz0iaHR0cDovL3d3dy53My5vcmcvMjAwMC9zdmciPjwvc3ZnPg==\" style=\"--smush-placeholder-width: 768px; --smush-placeholder-aspect-ratio: 768\/1024;\" \/><\/figure>\n<\/figure>\n","protected":false},"excerpt":{"rendered":"<p>El se\u00f1or Alcalde Municipal El\u00edas Calder\u00f3n \u00c1lvarez, durante su administraci\u00f3n, ha demostrado capacidad, visi\u00f3n e iniciativa para trabajar de manera<\/p>\n","protected":false},"author":8,"featured_media":0,"comment_status":"open","ping_status":"open","sticky":false,"template":"","format":"standard","meta":{"footnotes":""},"categories":[6],"tags":[],"class_list":["post-58377","post","type-post","status-publish","format-standard","hentry","category-noticias"],"_links":{"self":[{"href":"https:\/\/munielchalpeten.gob.gt\/web\/wp-json\/wp\/v2\/posts\/58377","targetHints":{"allow":["GET"]}}],"collection":[{"href":"https:\/\/munielchalpeten.gob.gt\/web\/wp-json\/wp\/v2\/posts"}],"about":[{"href":"https:\/\/munielchalpeten.gob.gt\/web\/wp-json\/wp\/v2\/types\/post"}],"author":[{"embeddable":true,"href":"https:\/\/munielchalpeten.gob.gt\/web\/wp-json\/wp\/v2\/users\/8"}],"replies":[{"embeddable":true,"href":"https:\/\/munielchalpeten.gob.gt\/web\/wp-json\/wp\/v2\/comments?post=58377"}],"version-history":[{"count":1,"href":"https:\/\/munielchalpeten.gob.gt\/web\/wp-json\/wp\/v2\/posts\/58377\/revisions"}],"predecessor-version":[{"id":58381,"href":"https:\/\/munielchalpeten.gob.gt\/web\/wp-json\/wp\/v2\/posts\/58377\/revisions\/58381"}],"wp:attachment":[{"href":"https:\/\/munielchalpeten.gob.gt\/web\/wp-json\/wp\/v2\/media?parent=58377"}],"wp:term":[{"taxonomy":"category","embeddable":true,"href":"https:\/\/munielchalpeten.gob.gt\/web\/wp-json\/wp\/v2\/categories?post=58377"},{"taxonomy":"post_tag","embeddable":true,"href":"https:\/\/munielchalpeten.gob.gt\/web\/wp-json\/wp\/v2\/tags?post=58377"}],"curies":[{"name":"wp","href":"https:\/\/api.w.org\/{rel}","templated":true}]}}