{"id":58152,"date":"2025-10-22T16:34:19","date_gmt":"2025-10-22T16:34:19","guid":{"rendered":"https:\/\/munielchalpeten.gob.gt\/web\/?p=58152"},"modified":"2025-10-22T16:34:21","modified_gmt":"2025-10-22T16:34:21","slug":"el-futuro-de-la-educacion-avanza-en-el-chal","status":"publish","type":"post","link":"https:\/\/munielchalpeten.gob.gt\/web\/2025\/10\/22\/el-futuro-de-la-educacion-avanza-en-el-chal\/","title":{"rendered":"EL FUTURO DE LA EDUCACI\u00d2N AVANZA EN EL CHAL"},"content":{"rendered":"\n<p>La Municipalidad de El Chal, a trav\u00e9s de la Direcci\u00f3n Municipal de Planificaci\u00f3n (DMP), supervis\u00f3 el avance del nuevo edificio de la Escuela Primaria del Barrio San Carlos. Este espacio albergar\u00e1 pr\u00f3ximamente a la Escuela de Educaci\u00f3n Especial \u201cVida Sin L\u00edmites\u201d, un centro inclusivo para ni\u00f1as y ni\u00f1os con capacidades especiales.<\/p>\n\n\n\n<p>El proyecto, financiado por el Consejo Departamental de Desarrollo (CODEDE), cuenta con un avance f\u00edsico del <strong>62.62%<\/strong> e incluye:<br> Un aula educativa<br> Oficina de direcci\u00f3n<br> Servicios sanitarios<br> Muro perimetral de seguridad<\/p>\n\n\n\n<p>Este progreso es resultado del compromiso del alcalde El\u00edas Calder\u00f3n \u00c1lvarez y su Concejo Municipal, en su esfuerzo por una educaci\u00f3n digna, inclusiva y accesible para todos.<\/p>\n\n\n\n<p>Construyamos juntos el municipio que queremos. Municipalidad de El Chal, Administraci\u00f3n 2024 &#8211; 2028.<\/p>\n\n\n\n<figure class=\"wp-block-gallery has-nested-images columns-default is-cropped wp-block-gallery-1 is-layout-flex wp-block-gallery-is-layout-flex\">\n<figure class=\"wp-block-image size-large\"><img decoding=\"async\" width=\"1024\" height=\"768\" data-id=\"58154\" data-src=\"https:\/\/munielchalpeten.gob.gt\/web\/wp-content\/uploads\/2025\/10\/566247621_1127897972880788_4012242692334018401_n-1024x768.jpg\" alt=\"\" class=\"wp-image-58154 lazyload\" data-srcset=\"https:\/\/munielchalpeten.gob.gt\/web\/wp-content\/uploads\/2025\/10\/566247621_1127897972880788_4012242692334018401_n-1024x768.jpg 1024w, https:\/\/munielchalpeten.gob.gt\/web\/wp-content\/uploads\/2025\/10\/566247621_1127897972880788_4012242692334018401_n-300x225.jpg 300w, https:\/\/munielchalpeten.gob.gt\/web\/wp-content\/uploads\/2025\/10\/566247621_1127897972880788_4012242692334018401_n-768x576.jpg 768w, https:\/\/munielchalpeten.gob.gt\/web\/wp-content\/uploads\/2025\/10\/566247621_1127897972880788_4012242692334018401_n-1536x1152.jpg 1536w, https:\/\/munielchalpeten.gob.gt\/web\/wp-content\/uploads\/2025\/10\/566247621_1127897972880788_4012242692334018401_n.jpg 1600w\" data-sizes=\"(max-width: 1024px) 100vw, 1024px\" src=\"data:image\/svg+xml;base64,PHN2ZyB3aWR0aD0iMSIgaGVpZ2h0PSIxIiB4bWxucz0iaHR0cDovL3d3dy53My5vcmcvMjAwMC9zdmciPjwvc3ZnPg==\" style=\"--smush-placeholder-width: 1024px; --smush-placeholder-aspect-ratio: 1024\/768;\" \/><\/figure>\n\n\n\n<figure class=\"wp-block-image size-large\"><img decoding=\"async\" width=\"1024\" height=\"768\" data-id=\"58153\" data-src=\"https:\/\/munielchalpeten.gob.gt\/web\/wp-content\/uploads\/2025\/10\/565657525_1127897969547455_119210348535127730_n-1024x768.jpg\" alt=\"\" class=\"wp-image-58153 lazyload\" data-srcset=\"https:\/\/munielchalpeten.gob.gt\/web\/wp-content\/uploads\/2025\/10\/565657525_1127897969547455_119210348535127730_n-1024x768.jpg 1024w, https:\/\/munielchalpeten.gob.gt\/web\/wp-content\/uploads\/2025\/10\/565657525_1127897969547455_119210348535127730_n-300x225.jpg 300w, https:\/\/munielchalpeten.gob.gt\/web\/wp-content\/uploads\/2025\/10\/565657525_1127897969547455_119210348535127730_n-768x576.jpg 768w, https:\/\/munielchalpeten.gob.gt\/web\/wp-content\/uploads\/2025\/10\/565657525_1127897969547455_119210348535127730_n-1536x1152.jpg 1536w, https:\/\/munielchalpeten.gob.gt\/web\/wp-content\/uploads\/2025\/10\/565657525_1127897969547455_119210348535127730_n.jpg 1600w\" data-sizes=\"(max-width: 1024px) 100vw, 1024px\" src=\"data:image\/svg+xml;base64,PHN2ZyB3aWR0aD0iMSIgaGVpZ2h0PSIxIiB4bWxucz0iaHR0cDovL3d3dy53My5vcmcvMjAwMC9zdmciPjwvc3ZnPg==\" style=\"--smush-placeholder-width: 1024px; --smush-placeholder-aspect-ratio: 1024\/768;\" \/><\/figure>\n<\/figure>\n","protected":false},"excerpt":{"rendered":"<p>La Municipalidad de El Chal, a trav\u00e9s de la Direcci\u00f3n Municipal de Planificaci\u00f3n (DMP), supervis\u00f3 el avance del nuevo edificio<\/p>\n","protected":false},"author":8,"featured_media":58153,"comment_status":"open","ping_status":"open","sticky":false,"template":"","format":"standard","meta":{"footnotes":""},"categories":[41],"tags":[],"class_list":["post-58152","post","type-post","status-publish","format-standard","has-post-thumbnail","hentry","category-proyectos"],"_links":{"self":[{"href":"https:\/\/munielchalpeten.gob.gt\/web\/wp-json\/wp\/v2\/posts\/58152","targetHints":{"allow":["GET"]}}],"collection":[{"href":"https:\/\/munielchalpeten.gob.gt\/web\/wp-json\/wp\/v2\/posts"}],"about":[{"href":"https:\/\/munielchalpeten.gob.gt\/web\/wp-json\/wp\/v2\/types\/post"}],"author":[{"embeddable":true,"href":"https:\/\/munielchalpeten.gob.gt\/web\/wp-json\/wp\/v2\/users\/8"}],"replies":[{"embeddable":true,"href":"https:\/\/munielchalpeten.gob.gt\/web\/wp-json\/wp\/v2\/comments?post=58152"}],"version-history":[{"count":1,"href":"https:\/\/munielchalpeten.gob.gt\/web\/wp-json\/wp\/v2\/posts\/58152\/revisions"}],"predecessor-version":[{"id":58155,"href":"https:\/\/munielchalpeten.gob.gt\/web\/wp-json\/wp\/v2\/posts\/58152\/revisions\/58155"}],"wp:featuredmedia":[{"embeddable":true,"href":"https:\/\/munielchalpeten.gob.gt\/web\/wp-json\/wp\/v2\/media\/58153"}],"wp:attachment":[{"href":"https:\/\/munielchalpeten.gob.gt\/web\/wp-json\/wp\/v2\/media?parent=58152"}],"wp:term":[{"taxonomy":"category","embeddable":true,"href":"https:\/\/munielchalpeten.gob.gt\/web\/wp-json\/wp\/v2\/categories?post=58152"},{"taxonomy":"post_tag","embeddable":true,"href":"https:\/\/munielchalpeten.gob.gt\/web\/wp-json\/wp\/v2\/tags?post=58152"}],"curies":[{"name":"wp","href":"https:\/\/api.w.org\/{rel}","templated":true}]}}