{"id":57678,"date":"2025-08-14T20:39:40","date_gmt":"2025-08-14T20:39:40","guid":{"rendered":"https:\/\/munielchalpeten.gob.gt\/web\/?p=57678"},"modified":"2025-08-14T20:39:42","modified_gmt":"2025-08-14T20:39:42","slug":"conmemoracion-del-dia-del-empleado-municipal","status":"publish","type":"post","link":"https:\/\/munielchalpeten.gob.gt\/web\/2025\/08\/14\/conmemoracion-del-dia-del-empleado-municipal\/","title":{"rendered":"CONMEMORACI\u00d3N DEL D\u00cdA DEL EMPLEADO MUNICIPAL"},"content":{"rendered":"\n<p>En el marco de la celebraci\u00f3n del D\u00eda del Empleado Municipal, el se\u00f1or alcalde El\u00edas Calder\u00f3n \u00c1lvarez, acompa\u00f1ado por los integrantes del Honorable Concejo Municipal, comparti\u00f3 una agradable velada con los colaboradores de la Municipalidad de El Chal, reconociendo y agradeciendo su valiosa labor al servicio de la comunidad.<\/p>\n\n\n\n<p>La actividad incluy\u00f3 rifas, entrega de premios y un espacio de convivencia que fortaleci\u00f3 los lazos entre compa\u00f1eros. Asimismo, se realiz\u00f3 la elecci\u00f3n de la Madrina del Empleado Municipal, resultando electa Karla Finardy, quien llevar\u00e1 con orgullo este t\u00edtulo durante el periodo 2025 .<\/p>\n\n\n\n<p>El jefe edil expres\u00f3 su reconocimiento al compromiso y dedicaci\u00f3n de cada trabajador municipal, motiv\u00e1ndolos a continuar trabajando unidos por el bienestar y desarrollo de nuestro querido municipio. <\/p>\n\n\n\n<p>\u00a1Feliz D\u00eda a todos los empleados municipales!<\/p>\n\n\n\n<figure class=\"wp-block-gallery has-nested-images columns-default is-cropped wp-block-gallery-1 is-layout-flex wp-block-gallery-is-layout-flex\">\n<figure class=\"wp-block-image size-large\"><img decoding=\"async\" width=\"1024\" height=\"576\" data-id=\"57679\" data-src=\"https:\/\/munielchalpeten.gob.gt\/web\/wp-content\/uploads\/2025\/08\/521924673_1059288939741692_3749302445185028351_n-1024x576.jpg\" alt=\"\" class=\"wp-image-57679 lazyload\" data-srcset=\"https:\/\/munielchalpeten.gob.gt\/web\/wp-content\/uploads\/2025\/08\/521924673_1059288939741692_3749302445185028351_n-1024x576.jpg 1024w, https:\/\/munielchalpeten.gob.gt\/web\/wp-content\/uploads\/2025\/08\/521924673_1059288939741692_3749302445185028351_n-300x169.jpg 300w, https:\/\/munielchalpeten.gob.gt\/web\/wp-content\/uploads\/2025\/08\/521924673_1059288939741692_3749302445185028351_n-768x432.jpg 768w, https:\/\/munielchalpeten.gob.gt\/web\/wp-content\/uploads\/2025\/08\/521924673_1059288939741692_3749302445185028351_n-1536x864.jpg 1536w, https:\/\/munielchalpeten.gob.gt\/web\/wp-content\/uploads\/2025\/08\/521924673_1059288939741692_3749302445185028351_n-scaled.jpg 1920w\" data-sizes=\"(max-width: 1024px) 100vw, 1024px\" src=\"data:image\/svg+xml;base64,PHN2ZyB3aWR0aD0iMSIgaGVpZ2h0PSIxIiB4bWxucz0iaHR0cDovL3d3dy53My5vcmcvMjAwMC9zdmciPjwvc3ZnPg==\" style=\"--smush-placeholder-width: 1024px; --smush-placeholder-aspect-ratio: 1024\/576;\" \/><\/figure>\n\n\n\n<figure class=\"wp-block-image size-large\"><img decoding=\"async\" width=\"576\" height=\"1024\" data-id=\"57683\" data-src=\"https:\/\/munielchalpeten.gob.gt\/web\/wp-content\/uploads\/2025\/08\/522568073_1059289493074970_6403802608608194294_n-576x1024.jpg\" alt=\"\" class=\"wp-image-57683 lazyload\" data-srcset=\"https:\/\/munielchalpeten.gob.gt\/web\/wp-content\/uploads\/2025\/08\/522568073_1059289493074970_6403802608608194294_n-576x1024.jpg 576w, https:\/\/munielchalpeten.gob.gt\/web\/wp-content\/uploads\/2025\/08\/522568073_1059289493074970_6403802608608194294_n-169x300.jpg 169w, https:\/\/munielchalpeten.gob.gt\/web\/wp-content\/uploads\/2025\/08\/522568073_1059289493074970_6403802608608194294_n-768x1365.jpg 768w, https:\/\/munielchalpeten.gob.gt\/web\/wp-content\/uploads\/2025\/08\/522568073_1059289493074970_6403802608608194294_n-864x1536.jpg 864w, https:\/\/munielchalpeten.gob.gt\/web\/wp-content\/uploads\/2025\/08\/522568073_1059289493074970_6403802608608194294_n-scaled.jpg 1080w\" data-sizes=\"(max-width: 576px) 100vw, 576px\" src=\"data:image\/svg+xml;base64,PHN2ZyB3aWR0aD0iMSIgaGVpZ2h0PSIxIiB4bWxucz0iaHR0cDovL3d3dy53My5vcmcvMjAwMC9zdmciPjwvc3ZnPg==\" style=\"--smush-placeholder-width: 576px; --smush-placeholder-aspect-ratio: 576\/1024;\" \/><\/figure>\n\n\n\n<figure class=\"wp-block-image size-large\"><img decoding=\"async\" width=\"654\" height=\"1024\" data-id=\"57682\" data-src=\"https:\/\/munielchalpeten.gob.gt\/web\/wp-content\/uploads\/2025\/08\/523890118_1059287903075129_7114821379332527719_n-654x1024.jpg\" alt=\"\" class=\"wp-image-57682 lazyload\" data-srcset=\"https:\/\/munielchalpeten.gob.gt\/web\/wp-content\/uploads\/2025\/08\/523890118_1059287903075129_7114821379332527719_n-654x1024.jpg 654w, https:\/\/munielchalpeten.gob.gt\/web\/wp-content\/uploads\/2025\/08\/523890118_1059287903075129_7114821379332527719_n-191x300.jpg 191w, https:\/\/munielchalpeten.gob.gt\/web\/wp-content\/uploads\/2025\/08\/523890118_1059287903075129_7114821379332527719_n-768x1203.jpg 768w, https:\/\/munielchalpeten.gob.gt\/web\/wp-content\/uploads\/2025\/08\/523890118_1059287903075129_7114821379332527719_n-980x1536.jpg 980w, https:\/\/munielchalpeten.gob.gt\/web\/wp-content\/uploads\/2025\/08\/523890118_1059287903075129_7114821379332527719_n-scaled.jpg 1225w\" data-sizes=\"(max-width: 654px) 100vw, 654px\" src=\"data:image\/svg+xml;base64,PHN2ZyB3aWR0aD0iMSIgaGVpZ2h0PSIxIiB4bWxucz0iaHR0cDovL3d3dy53My5vcmcvMjAwMC9zdmciPjwvc3ZnPg==\" style=\"--smush-placeholder-width: 654px; --smush-placeholder-aspect-ratio: 654\/1024;\" \/><\/figure>\n\n\n\n<figure class=\"wp-block-image size-large\"><img decoding=\"async\" width=\"1024\" height=\"576\" data-id=\"57680\" data-src=\"https:\/\/munielchalpeten.gob.gt\/web\/wp-content\/uploads\/2025\/08\/524206601_1059289019741684_7690490189278874066_n-1024x576.jpg\" alt=\"\" class=\"wp-image-57680 lazyload\" data-srcset=\"https:\/\/munielchalpeten.gob.gt\/web\/wp-content\/uploads\/2025\/08\/524206601_1059289019741684_7690490189278874066_n-1024x576.jpg 1024w, https:\/\/munielchalpeten.gob.gt\/web\/wp-content\/uploads\/2025\/08\/524206601_1059289019741684_7690490189278874066_n-300x169.jpg 300w, https:\/\/munielchalpeten.gob.gt\/web\/wp-content\/uploads\/2025\/08\/524206601_1059289019741684_7690490189278874066_n-768x432.jpg 768w, https:\/\/munielchalpeten.gob.gt\/web\/wp-content\/uploads\/2025\/08\/524206601_1059289019741684_7690490189278874066_n-1536x864.jpg 1536w, https:\/\/munielchalpeten.gob.gt\/web\/wp-content\/uploads\/2025\/08\/524206601_1059289019741684_7690490189278874066_n-scaled.jpg 1920w\" data-sizes=\"(max-width: 1024px) 100vw, 1024px\" src=\"data:image\/svg+xml;base64,PHN2ZyB3aWR0aD0iMSIgaGVpZ2h0PSIxIiB4bWxucz0iaHR0cDovL3d3dy53My5vcmcvMjAwMC9zdmciPjwvc3ZnPg==\" style=\"--smush-placeholder-width: 1024px; --smush-placeholder-aspect-ratio: 1024\/576;\" \/><\/figure>\n\n\n\n<figure class=\"wp-block-image size-large\"><img decoding=\"async\" width=\"1024\" height=\"576\" data-id=\"57681\" data-src=\"https:\/\/munielchalpeten.gob.gt\/web\/wp-content\/uploads\/2025\/08\/524981149_1059288993075020_7641807287176200971_n-1024x576.jpg\" alt=\"\" class=\"wp-image-57681 lazyload\" data-srcset=\"https:\/\/munielchalpeten.gob.gt\/web\/wp-content\/uploads\/2025\/08\/524981149_1059288993075020_7641807287176200971_n-1024x576.jpg 1024w, https:\/\/munielchalpeten.gob.gt\/web\/wp-content\/uploads\/2025\/08\/524981149_1059288993075020_7641807287176200971_n-300x169.jpg 300w, https:\/\/munielchalpeten.gob.gt\/web\/wp-content\/uploads\/2025\/08\/524981149_1059288993075020_7641807287176200971_n-768x432.jpg 768w, https:\/\/munielchalpeten.gob.gt\/web\/wp-content\/uploads\/2025\/08\/524981149_1059288993075020_7641807287176200971_n-1536x864.jpg 1536w, https:\/\/munielchalpeten.gob.gt\/web\/wp-content\/uploads\/2025\/08\/524981149_1059288993075020_7641807287176200971_n-scaled.jpg 1920w\" data-sizes=\"(max-width: 1024px) 100vw, 1024px\" src=\"data:image\/svg+xml;base64,PHN2ZyB3aWR0aD0iMSIgaGVpZ2h0PSIxIiB4bWxucz0iaHR0cDovL3d3dy53My5vcmcvMjAwMC9zdmciPjwvc3ZnPg==\" style=\"--smush-placeholder-width: 1024px; --smush-placeholder-aspect-ratio: 1024\/576;\" \/><\/figure>\n<\/figure>\n","protected":false},"excerpt":{"rendered":"<p>En el marco de la celebraci\u00f3n del D\u00eda del Empleado Municipal, el se\u00f1or alcalde El\u00edas Calder\u00f3n \u00c1lvarez, acompa\u00f1ado por los<\/p>\n","protected":false},"author":8,"featured_media":57679,"comment_status":"open","ping_status":"open","sticky":false,"template":"","format":"standard","meta":{"footnotes":""},"categories":[6],"tags":[],"class_list":["post-57678","post","type-post","status-publish","format-standard","has-post-thumbnail","hentry","category-noticias"],"_links":{"self":[{"href":"https:\/\/munielchalpeten.gob.gt\/web\/wp-json\/wp\/v2\/posts\/57678","targetHints":{"allow":["GET"]}}],"collection":[{"href":"https:\/\/munielchalpeten.gob.gt\/web\/wp-json\/wp\/v2\/posts"}],"about":[{"href":"https:\/\/munielchalpeten.gob.gt\/web\/wp-json\/wp\/v2\/types\/post"}],"author":[{"embeddable":true,"href":"https:\/\/munielchalpeten.gob.gt\/web\/wp-json\/wp\/v2\/users\/8"}],"replies":[{"embeddable":true,"href":"https:\/\/munielchalpeten.gob.gt\/web\/wp-json\/wp\/v2\/comments?post=57678"}],"version-history":[{"count":1,"href":"https:\/\/munielchalpeten.gob.gt\/web\/wp-json\/wp\/v2\/posts\/57678\/revisions"}],"predecessor-version":[{"id":57684,"href":"https:\/\/munielchalpeten.gob.gt\/web\/wp-json\/wp\/v2\/posts\/57678\/revisions\/57684"}],"wp:featuredmedia":[{"embeddable":true,"href":"https:\/\/munielchalpeten.gob.gt\/web\/wp-json\/wp\/v2\/media\/57679"}],"wp:attachment":[{"href":"https:\/\/munielchalpeten.gob.gt\/web\/wp-json\/wp\/v2\/media?parent=57678"}],"wp:term":[{"taxonomy":"category","embeddable":true,"href":"https:\/\/munielchalpeten.gob.gt\/web\/wp-json\/wp\/v2\/categories?post=57678"},{"taxonomy":"post_tag","embeddable":true,"href":"https:\/\/munielchalpeten.gob.gt\/web\/wp-json\/wp\/v2\/tags?post=57678"}],"curies":[{"name":"wp","href":"https:\/\/api.w.org\/{rel}","templated":true}]}}