{"id":57656,"date":"2025-07-24T18:18:45","date_gmt":"2025-07-24T18:18:45","guid":{"rendered":"https:\/\/munielchalpeten.gob.gt\/web\/?p=57656"},"modified":"2025-07-24T18:18:45","modified_gmt":"2025-07-24T18:18:45","slug":"asueto-municipal-3","status":"publish","type":"post","link":"https:\/\/munielchalpeten.gob.gt\/web\/2025\/07\/24\/asueto-municipal-3\/","title":{"rendered":"ASUETO MUNICIPAL"},"content":{"rendered":"\n<p>La Municipalidad de El Chal y el se\u00f1or Alcalde Municipal, El\u00edas Calder\u00f3n \u00c1lvarez, informan a la poblaci\u00f3n en general que el d\u00eda viernes 25 de julio del presente a\u00f1o, el edificio municipal permanecer\u00e1 cerrado en conmemoraci\u00f3n del D\u00eda del Empleado Municipal.<\/p>\n\n\n\n<p>Las labores se reanudar\u00e1n el d\u00eda lunes 28 de julio, en el horario habitual de 8:00 am. a 4:00 pm. Agradecemos su comprensi\u00f3n.<\/p>\n\n\n\n<p>Construyamos juntos el Municipio que queremos Municipalidad de El Chal, Administraci\u00f3n 2024 &#8211; 2028<\/p>\n\n\n\n<figure class=\"wp-block-gallery has-nested-images columns-default is-cropped wp-block-gallery-1 is-layout-flex wp-block-gallery-is-layout-flex\">\n<figure class=\"wp-block-image size-large\"><img decoding=\"async\" width=\"1024\" height=\"1024\" data-id=\"57657\" data-src=\"https:\/\/munielchalpeten.gob.gt\/web\/wp-content\/uploads\/2025\/07\/514272647_1058214543182465_8800021439879740647_n-1024x1024.jpg\" alt=\"\" class=\"wp-image-57657 lazyload\" data-srcset=\"https:\/\/munielchalpeten.gob.gt\/web\/wp-content\/uploads\/2025\/07\/514272647_1058214543182465_8800021439879740647_n-1024x1024.jpg 1024w, https:\/\/munielchalpeten.gob.gt\/web\/wp-content\/uploads\/2025\/07\/514272647_1058214543182465_8800021439879740647_n-300x300.jpg 300w, https:\/\/munielchalpeten.gob.gt\/web\/wp-content\/uploads\/2025\/07\/514272647_1058214543182465_8800021439879740647_n-150x150.jpg 150w, https:\/\/munielchalpeten.gob.gt\/web\/wp-content\/uploads\/2025\/07\/514272647_1058214543182465_8800021439879740647_n-768x768.jpg 768w, https:\/\/munielchalpeten.gob.gt\/web\/wp-content\/uploads\/2025\/07\/514272647_1058214543182465_8800021439879740647_n.jpg 1080w\" data-sizes=\"(max-width: 1024px) 100vw, 1024px\" src=\"data:image\/svg+xml;base64,PHN2ZyB3aWR0aD0iMSIgaGVpZ2h0PSIxIiB4bWxucz0iaHR0cDovL3d3dy53My5vcmcvMjAwMC9zdmciPjwvc3ZnPg==\" style=\"--smush-placeholder-width: 1024px; --smush-placeholder-aspect-ratio: 1024\/1024;\" \/><\/figure>\n<\/figure>\n","protected":false},"excerpt":{"rendered":"<p>La Municipalidad de El Chal y el se\u00f1or Alcalde Municipal, El\u00edas Calder\u00f3n \u00c1lvarez, informan a la poblaci\u00f3n en general que<\/p>\n","protected":false},"author":8,"featured_media":57657,"comment_status":"open","ping_status":"open","sticky":false,"template":"","format":"standard","meta":{"footnotes":""},"categories":[1],"tags":[],"class_list":["post-57656","post","type-post","status-publish","format-standard","has-post-thumbnail","hentry","category-sin-categoria"],"_links":{"self":[{"href":"https:\/\/munielchalpeten.gob.gt\/web\/wp-json\/wp\/v2\/posts\/57656","targetHints":{"allow":["GET"]}}],"collection":[{"href":"https:\/\/munielchalpeten.gob.gt\/web\/wp-json\/wp\/v2\/posts"}],"about":[{"href":"https:\/\/munielchalpeten.gob.gt\/web\/wp-json\/wp\/v2\/types\/post"}],"author":[{"embeddable":true,"href":"https:\/\/munielchalpeten.gob.gt\/web\/wp-json\/wp\/v2\/users\/8"}],"replies":[{"embeddable":true,"href":"https:\/\/munielchalpeten.gob.gt\/web\/wp-json\/wp\/v2\/comments?post=57656"}],"version-history":[{"count":1,"href":"https:\/\/munielchalpeten.gob.gt\/web\/wp-json\/wp\/v2\/posts\/57656\/revisions"}],"predecessor-version":[{"id":57658,"href":"https:\/\/munielchalpeten.gob.gt\/web\/wp-json\/wp\/v2\/posts\/57656\/revisions\/57658"}],"wp:featuredmedia":[{"embeddable":true,"href":"https:\/\/munielchalpeten.gob.gt\/web\/wp-json\/wp\/v2\/media\/57657"}],"wp:attachment":[{"href":"https:\/\/munielchalpeten.gob.gt\/web\/wp-json\/wp\/v2\/media?parent=57656"}],"wp:term":[{"taxonomy":"category","embeddable":true,"href":"https:\/\/munielchalpeten.gob.gt\/web\/wp-json\/wp\/v2\/categories?post=57656"},{"taxonomy":"post_tag","embeddable":true,"href":"https:\/\/munielchalpeten.gob.gt\/web\/wp-json\/wp\/v2\/tags?post=57656"}],"curies":[{"name":"wp","href":"https:\/\/api.w.org\/{rel}","templated":true}]}}