{"id":57643,"date":"2025-07-24T18:13:59","date_gmt":"2025-07-24T18:13:59","guid":{"rendered":"https:\/\/munielchalpeten.gob.gt\/web\/?p=57643"},"modified":"2025-07-24T18:13:59","modified_gmt":"2025-07-24T18:13:59","slug":"centro-de-capacitacion-barrio-san-carlos","status":"publish","type":"post","link":"https:\/\/munielchalpeten.gob.gt\/web\/2025\/07\/24\/centro-de-capacitacion-barrio-san-carlos\/","title":{"rendered":"CENTRO DE CAPACITACI\u00d3N BARRIO SAN CARLOS"},"content":{"rendered":"\n<p>El se\u00f1or Alcalde Municipal, El\u00edas Calder\u00f3n \u00c1lvarez, junto al Honorable Concejo Municipal, reafirman su compromiso con el desarrollo integral y el empoderamiento de la mujer chalense, mediante la construcci\u00f3n de un nuevo Centro de Capacitaci\u00f3n para Mujeres Organizadas.<\/p>\n\n\n\n<p>Esta importante obra, financiada con recursos propios de la Municipalidad de El Chal, se est\u00e1 ejecutando en el Barrio San Carlos del casco urbano municipal.<\/p>\n\n\n\n<p>El centro contar\u00e1 con espacios adecuados para que las mujeres organizadas reciban formaci\u00f3n y participen en talleres pr\u00e1cticos en \u00e1reas como gastronom\u00eda, reposter\u00eda, manualidades y m\u00e1s.<\/p>\n\n\n\n<p>Con esta iniciativa, la actual administraci\u00f3n busca fortalecer las habilidades productivas de las mujeres, promover el emprendimiento y abrir nuevas oportunidades para el desarrollo econ\u00f3mico y social de la comunidad.<\/p>\n\n\n\n<p>Construyamos juntos el Municipio que queremos, Municipalidad de El Chal, Administraci\u00f3n 2024 &#8211; 2028.<\/p>\n\n\n\n<figure class=\"wp-block-gallery has-nested-images columns-default is-cropped wp-block-gallery-1 is-layout-flex wp-block-gallery-is-layout-flex\">\n<figure class=\"wp-block-image size-large\"><img decoding=\"async\" width=\"837\" height=\"1024\" data-id=\"57644\" data-src=\"https:\/\/munielchalpeten.gob.gt\/web\/wp-content\/uploads\/2025\/07\/519191073_1056848423319077_8871434931347060332_n-837x1024.jpg\" alt=\"\" class=\"wp-image-57644 lazyload\" data-srcset=\"https:\/\/munielchalpeten.gob.gt\/web\/wp-content\/uploads\/2025\/07\/519191073_1056848423319077_8871434931347060332_n-837x1024.jpg 837w, https:\/\/munielchalpeten.gob.gt\/web\/wp-content\/uploads\/2025\/07\/519191073_1056848423319077_8871434931347060332_n-245x300.jpg 245w, https:\/\/munielchalpeten.gob.gt\/web\/wp-content\/uploads\/2025\/07\/519191073_1056848423319077_8871434931347060332_n-768x939.jpg 768w, https:\/\/munielchalpeten.gob.gt\/web\/wp-content\/uploads\/2025\/07\/519191073_1056848423319077_8871434931347060332_n.jpg 1080w\" data-sizes=\"(max-width: 837px) 100vw, 837px\" src=\"data:image\/svg+xml;base64,PHN2ZyB3aWR0aD0iMSIgaGVpZ2h0PSIxIiB4bWxucz0iaHR0cDovL3d3dy53My5vcmcvMjAwMC9zdmciPjwvc3ZnPg==\" style=\"--smush-placeholder-width: 837px; --smush-placeholder-aspect-ratio: 837\/1024;\" \/><\/figure>\n\n\n\n<figure class=\"wp-block-image size-large\"><img decoding=\"async\" width=\"1024\" height=\"576\" data-id=\"57646\" data-src=\"https:\/\/munielchalpeten.gob.gt\/web\/wp-content\/uploads\/2025\/07\/522480233_1056848523319067_3191774580994091170_n-1024x576.jpg\" alt=\"\" class=\"wp-image-57646 lazyload\" data-srcset=\"https:\/\/munielchalpeten.gob.gt\/web\/wp-content\/uploads\/2025\/07\/522480233_1056848523319067_3191774580994091170_n-1024x576.jpg 1024w, https:\/\/munielchalpeten.gob.gt\/web\/wp-content\/uploads\/2025\/07\/522480233_1056848523319067_3191774580994091170_n-300x169.jpg 300w, https:\/\/munielchalpeten.gob.gt\/web\/wp-content\/uploads\/2025\/07\/522480233_1056848523319067_3191774580994091170_n-768x432.jpg 768w, https:\/\/munielchalpeten.gob.gt\/web\/wp-content\/uploads\/2025\/07\/522480233_1056848523319067_3191774580994091170_n-1536x864.jpg 1536w, https:\/\/munielchalpeten.gob.gt\/web\/wp-content\/uploads\/2025\/07\/522480233_1056848523319067_3191774580994091170_n.jpg 1919w\" data-sizes=\"(max-width: 1024px) 100vw, 1024px\" src=\"data:image\/svg+xml;base64,PHN2ZyB3aWR0aD0iMSIgaGVpZ2h0PSIxIiB4bWxucz0iaHR0cDovL3d3dy53My5vcmcvMjAwMC9zdmciPjwvc3ZnPg==\" style=\"--smush-placeholder-width: 1024px; --smush-placeholder-aspect-ratio: 1024\/576;\" \/><\/figure>\n\n\n\n<figure class=\"wp-block-image size-large\"><img decoding=\"async\" width=\"675\" height=\"1024\" data-id=\"57645\" data-src=\"https:\/\/munielchalpeten.gob.gt\/web\/wp-content\/uploads\/2025\/07\/522666389_1056848476652405_2589868290304048848_n-675x1024.jpg\" alt=\"\" class=\"wp-image-57645 lazyload\" data-srcset=\"https:\/\/munielchalpeten.gob.gt\/web\/wp-content\/uploads\/2025\/07\/522666389_1056848476652405_2589868290304048848_n-675x1024.jpg 675w, https:\/\/munielchalpeten.gob.gt\/web\/wp-content\/uploads\/2025\/07\/522666389_1056848476652405_2589868290304048848_n-198x300.jpg 198w, https:\/\/munielchalpeten.gob.gt\/web\/wp-content\/uploads\/2025\/07\/522666389_1056848476652405_2589868290304048848_n-768x1165.jpg 768w, https:\/\/munielchalpeten.gob.gt\/web\/wp-content\/uploads\/2025\/07\/522666389_1056848476652405_2589868290304048848_n-1013x1536.jpg 1013w, https:\/\/munielchalpeten.gob.gt\/web\/wp-content\/uploads\/2025\/07\/522666389_1056848476652405_2589868290304048848_n.jpg 1080w\" data-sizes=\"(max-width: 675px) 100vw, 675px\" src=\"data:image\/svg+xml;base64,PHN2ZyB3aWR0aD0iMSIgaGVpZ2h0PSIxIiB4bWxucz0iaHR0cDovL3d3dy53My5vcmcvMjAwMC9zdmciPjwvc3ZnPg==\" style=\"--smush-placeholder-width: 675px; --smush-placeholder-aspect-ratio: 675\/1024;\" \/><\/figure>\n<\/figure>\n","protected":false},"excerpt":{"rendered":"<p>El se\u00f1or Alcalde Municipal, El\u00edas Calder\u00f3n \u00c1lvarez, junto al Honorable Concejo Municipal, reafirman su compromiso con el desarrollo integral y<\/p>\n","protected":false},"author":8,"featured_media":57646,"comment_status":"open","ping_status":"open","sticky":false,"template":"","format":"standard","meta":{"footnotes":""},"categories":[41],"tags":[],"class_list":["post-57643","post","type-post","status-publish","format-standard","has-post-thumbnail","hentry","category-proyectos"],"_links":{"self":[{"href":"https:\/\/munielchalpeten.gob.gt\/web\/wp-json\/wp\/v2\/posts\/57643","targetHints":{"allow":["GET"]}}],"collection":[{"href":"https:\/\/munielchalpeten.gob.gt\/web\/wp-json\/wp\/v2\/posts"}],"about":[{"href":"https:\/\/munielchalpeten.gob.gt\/web\/wp-json\/wp\/v2\/types\/post"}],"author":[{"embeddable":true,"href":"https:\/\/munielchalpeten.gob.gt\/web\/wp-json\/wp\/v2\/users\/8"}],"replies":[{"embeddable":true,"href":"https:\/\/munielchalpeten.gob.gt\/web\/wp-json\/wp\/v2\/comments?post=57643"}],"version-history":[{"count":1,"href":"https:\/\/munielchalpeten.gob.gt\/web\/wp-json\/wp\/v2\/posts\/57643\/revisions"}],"predecessor-version":[{"id":57647,"href":"https:\/\/munielchalpeten.gob.gt\/web\/wp-json\/wp\/v2\/posts\/57643\/revisions\/57647"}],"wp:featuredmedia":[{"embeddable":true,"href":"https:\/\/munielchalpeten.gob.gt\/web\/wp-json\/wp\/v2\/media\/57646"}],"wp:attachment":[{"href":"https:\/\/munielchalpeten.gob.gt\/web\/wp-json\/wp\/v2\/media?parent=57643"}],"wp:term":[{"taxonomy":"category","embeddable":true,"href":"https:\/\/munielchalpeten.gob.gt\/web\/wp-json\/wp\/v2\/categories?post=57643"},{"taxonomy":"post_tag","embeddable":true,"href":"https:\/\/munielchalpeten.gob.gt\/web\/wp-json\/wp\/v2\/tags?post=57643"}],"curies":[{"name":"wp","href":"https:\/\/api.w.org\/{rel}","templated":true}]}}