{"id":57640,"date":"2025-07-24T18:11:42","date_gmt":"2025-07-24T18:11:42","guid":{"rendered":"https:\/\/munielchalpeten.gob.gt\/web\/?p=57640"},"modified":"2025-07-24T18:11:42","modified_gmt":"2025-07-24T18:11:42","slug":"nota-de-duelo-38","status":"publish","type":"post","link":"https:\/\/munielchalpeten.gob.gt\/web\/2025\/07\/24\/nota-de-duelo-38\/","title":{"rendered":"NOTA DE DUELO"},"content":{"rendered":"\n<p>La Municipalidad de El Chal, Pet\u00e9n, el se\u00f1or Alcalde Municipal El\u00edas Calder\u00f3n y el Honorable Concejo Municipal, lamenta profundamente el sensible fallecimiento de quien en vida fuera el apreciado vecino Ricardo Muc\u00fa Ch\u00e9n, quien parti\u00f3 a la presencia del Se\u00f1or este s\u00e1bado 19 de julio del 2025.<\/p>\n\n\n\n<p>En nuestro pueblo era conocido cari\u00f1osamente como el amigo Colitas, una persona noble, servicial y respetada por todos quienes lo conocieron.<\/p>\n\n\n\n<p>Expresamos nuestro m\u00e1s sentido p\u00e9same a toda su familia y seres queridos, elevando nuestras oraciones por su descanso eterno y fortaleza para quienes hoy lloran su partida.<\/p>\n\n\n\n<p>Descanse en paz.<\/p>\n\n\n\n<figure class=\"wp-block-gallery has-nested-images columns-default is-cropped wp-block-gallery-1 is-layout-flex wp-block-gallery-is-layout-flex\">\n<figure class=\"wp-block-image size-large\"><img decoding=\"async\" width=\"724\" height=\"1024\" data-id=\"57641\" data-src=\"https:\/\/munielchalpeten.gob.gt\/web\/wp-content\/uploads\/2025\/07\/520245936_1054623903541529_4097942271506010167_n-724x1024.jpg\" alt=\"\" class=\"wp-image-57641 lazyload\" data-srcset=\"https:\/\/munielchalpeten.gob.gt\/web\/wp-content\/uploads\/2025\/07\/520245936_1054623903541529_4097942271506010167_n-724x1024.jpg 724w, https:\/\/munielchalpeten.gob.gt\/web\/wp-content\/uploads\/2025\/07\/520245936_1054623903541529_4097942271506010167_n-212x300.jpg 212w, https:\/\/munielchalpeten.gob.gt\/web\/wp-content\/uploads\/2025\/07\/520245936_1054623903541529_4097942271506010167_n-768x1086.jpg 768w, https:\/\/munielchalpeten.gob.gt\/web\/wp-content\/uploads\/2025\/07\/520245936_1054623903541529_4097942271506010167_n-1086x1536.jpg 1086w, https:\/\/munielchalpeten.gob.gt\/web\/wp-content\/uploads\/2025\/07\/520245936_1054623903541529_4097942271506010167_n-scaled.jpg 1357w\" data-sizes=\"(max-width: 724px) 100vw, 724px\" src=\"data:image\/svg+xml;base64,PHN2ZyB3aWR0aD0iMSIgaGVpZ2h0PSIxIiB4bWxucz0iaHR0cDovL3d3dy53My5vcmcvMjAwMC9zdmciPjwvc3ZnPg==\" style=\"--smush-placeholder-width: 724px; --smush-placeholder-aspect-ratio: 724\/1024;\" \/><\/figure>\n<\/figure>\n","protected":false},"excerpt":{"rendered":"<p>La Municipalidad de El Chal, Pet\u00e9n, el se\u00f1or Alcalde Municipal El\u00edas Calder\u00f3n y el Honorable Concejo Municipal, lamenta profundamente el<\/p>\n","protected":false},"author":8,"featured_media":57641,"comment_status":"open","ping_status":"open","sticky":false,"template":"","format":"standard","meta":{"footnotes":""},"categories":[6],"tags":[],"class_list":["post-57640","post","type-post","status-publish","format-standard","has-post-thumbnail","hentry","category-noticias"],"_links":{"self":[{"href":"https:\/\/munielchalpeten.gob.gt\/web\/wp-json\/wp\/v2\/posts\/57640","targetHints":{"allow":["GET"]}}],"collection":[{"href":"https:\/\/munielchalpeten.gob.gt\/web\/wp-json\/wp\/v2\/posts"}],"about":[{"href":"https:\/\/munielchalpeten.gob.gt\/web\/wp-json\/wp\/v2\/types\/post"}],"author":[{"embeddable":true,"href":"https:\/\/munielchalpeten.gob.gt\/web\/wp-json\/wp\/v2\/users\/8"}],"replies":[{"embeddable":true,"href":"https:\/\/munielchalpeten.gob.gt\/web\/wp-json\/wp\/v2\/comments?post=57640"}],"version-history":[{"count":1,"href":"https:\/\/munielchalpeten.gob.gt\/web\/wp-json\/wp\/v2\/posts\/57640\/revisions"}],"predecessor-version":[{"id":57642,"href":"https:\/\/munielchalpeten.gob.gt\/web\/wp-json\/wp\/v2\/posts\/57640\/revisions\/57642"}],"wp:featuredmedia":[{"embeddable":true,"href":"https:\/\/munielchalpeten.gob.gt\/web\/wp-json\/wp\/v2\/media\/57641"}],"wp:attachment":[{"href":"https:\/\/munielchalpeten.gob.gt\/web\/wp-json\/wp\/v2\/media?parent=57640"}],"wp:term":[{"taxonomy":"category","embeddable":true,"href":"https:\/\/munielchalpeten.gob.gt\/web\/wp-json\/wp\/v2\/categories?post=57640"},{"taxonomy":"post_tag","embeddable":true,"href":"https:\/\/munielchalpeten.gob.gt\/web\/wp-json\/wp\/v2\/tags?post=57640"}],"curies":[{"name":"wp","href":"https:\/\/api.w.org\/{rel}","templated":true}]}}