{"id":57610,"date":"2025-07-24T17:34:19","date_gmt":"2025-07-24T17:34:19","guid":{"rendered":"https:\/\/munielchalpeten.gob.gt\/web\/?p=57610"},"modified":"2025-07-24T17:34:19","modified_gmt":"2025-07-24T17:34:19","slug":"nota-de-duelo-37","status":"publish","type":"post","link":"https:\/\/munielchalpeten.gob.gt\/web\/2025\/07\/24\/nota-de-duelo-37\/","title":{"rendered":"NOTA DE DUELO"},"content":{"rendered":"\n<p><a><\/a>La Municipalidad de El Chal, El se\u00f1or Alcalde, El\u00edas Calder\u00f3n Alvarez y el Honorable Concejo Municipal, lamentan profundamente el sensible fallecimiento de quien en vida fuera la joven:<\/p>\n\n\n\n<p><img decoding=\"async\" height=\"16\" width=\"16\" alt=\"\ud83d\udd4a\ufe0f\" data-src=\"https:\/\/static.xx.fbcdn.net\/images\/emoji.php\/v9\/tba\/1\/16\/1f54a.png\" src=\"data:image\/svg+xml;base64,PHN2ZyB3aWR0aD0iMSIgaGVpZ2h0PSIxIiB4bWxucz0iaHR0cDovL3d3dy53My5vcmcvMjAwMC9zdmciPjwvc3ZnPg==\" class=\"lazyload\" style=\"--smush-placeholder-width: 16px; --smush-placeholder-aspect-ratio: 16\/16;\">Dayrin Darila Mili\u00e1n Mej\u00eda, vecina del Caser\u00edo San Juan, que fuera llamada a la presencia del se\u00f1or la noche del s\u00e1bado 12 de Julio.<\/p>\n\n\n\n<p>Hoy nos unimos al dolor que embarga a sus seres queridos, y en especial expresamos nuestras m\u00e1s sinceras muestras de solidaridad a nuestra compa\u00f1era de labores Lesdi Mili\u00e1n Mej\u00eda, hermana de la fallecida, a quien acompa\u00f1amos con respeto y cari\u00f1o en este dif\u00edcil momento.<\/p>\n\n\n\n<p>Dayrin deja un vac\u00edo imposible de llenar entre quienes la conocieron y compartieron con ella. Su partida enluta no solo a su familia, sino tambi\u00e9n a toda una comunidad que hoy llora su ausencia.<\/p>\n\n\n\n<p>Rogamos a Dios por el eterno descanso de su alma y por fortaleza para sus familiares y seres amados.<\/p>\n\n\n\n<p>Descans\u00e9 en Paz.<\/p>\n\n\n\n<figure class=\"wp-block-gallery has-nested-images columns-default is-cropped wp-block-gallery-1 is-layout-flex wp-block-gallery-is-layout-flex\">\n<figure class=\"wp-block-image size-large\"><img decoding=\"async\" width=\"724\" height=\"1024\" data-id=\"57611\" data-src=\"https:\/\/munielchalpeten.gob.gt\/web\/wp-content\/uploads\/2025\/07\/517031662_1049927994011120_7268573604998652095_n-724x1024.jpg\" alt=\"\" class=\"wp-image-57611 lazyload\" data-srcset=\"https:\/\/munielchalpeten.gob.gt\/web\/wp-content\/uploads\/2025\/07\/517031662_1049927994011120_7268573604998652095_n-724x1024.jpg 724w, https:\/\/munielchalpeten.gob.gt\/web\/wp-content\/uploads\/2025\/07\/517031662_1049927994011120_7268573604998652095_n-212x300.jpg 212w, https:\/\/munielchalpeten.gob.gt\/web\/wp-content\/uploads\/2025\/07\/517031662_1049927994011120_7268573604998652095_n-768x1086.jpg 768w, https:\/\/munielchalpeten.gob.gt\/web\/wp-content\/uploads\/2025\/07\/517031662_1049927994011120_7268573604998652095_n-1086x1536.jpg 1086w, https:\/\/munielchalpeten.gob.gt\/web\/wp-content\/uploads\/2025\/07\/517031662_1049927994011120_7268573604998652095_n-scaled.jpg 1357w\" data-sizes=\"(max-width: 724px) 100vw, 724px\" src=\"data:image\/svg+xml;base64,PHN2ZyB3aWR0aD0iMSIgaGVpZ2h0PSIxIiB4bWxucz0iaHR0cDovL3d3dy53My5vcmcvMjAwMC9zdmciPjwvc3ZnPg==\" style=\"--smush-placeholder-width: 724px; --smush-placeholder-aspect-ratio: 724\/1024;\" \/><\/figure>\n<\/figure>\n","protected":false},"excerpt":{"rendered":"<p>La Municipalidad de El Chal, El se\u00f1or Alcalde, El\u00edas Calder\u00f3n Alvarez y el Honorable Concejo Municipal, lamentan profundamente el sensible<\/p>\n","protected":false},"author":8,"featured_media":57611,"comment_status":"open","ping_status":"open","sticky":false,"template":"","format":"standard","meta":{"footnotes":""},"categories":[1],"tags":[],"class_list":["post-57610","post","type-post","status-publish","format-standard","has-post-thumbnail","hentry","category-sin-categoria"],"_links":{"self":[{"href":"https:\/\/munielchalpeten.gob.gt\/web\/wp-json\/wp\/v2\/posts\/57610","targetHints":{"allow":["GET"]}}],"collection":[{"href":"https:\/\/munielchalpeten.gob.gt\/web\/wp-json\/wp\/v2\/posts"}],"about":[{"href":"https:\/\/munielchalpeten.gob.gt\/web\/wp-json\/wp\/v2\/types\/post"}],"author":[{"embeddable":true,"href":"https:\/\/munielchalpeten.gob.gt\/web\/wp-json\/wp\/v2\/users\/8"}],"replies":[{"embeddable":true,"href":"https:\/\/munielchalpeten.gob.gt\/web\/wp-json\/wp\/v2\/comments?post=57610"}],"version-history":[{"count":1,"href":"https:\/\/munielchalpeten.gob.gt\/web\/wp-json\/wp\/v2\/posts\/57610\/revisions"}],"predecessor-version":[{"id":57612,"href":"https:\/\/munielchalpeten.gob.gt\/web\/wp-json\/wp\/v2\/posts\/57610\/revisions\/57612"}],"wp:featuredmedia":[{"embeddable":true,"href":"https:\/\/munielchalpeten.gob.gt\/web\/wp-json\/wp\/v2\/media\/57611"}],"wp:attachment":[{"href":"https:\/\/munielchalpeten.gob.gt\/web\/wp-json\/wp\/v2\/media?parent=57610"}],"wp:term":[{"taxonomy":"category","embeddable":true,"href":"https:\/\/munielchalpeten.gob.gt\/web\/wp-json\/wp\/v2\/categories?post=57610"},{"taxonomy":"post_tag","embeddable":true,"href":"https:\/\/munielchalpeten.gob.gt\/web\/wp-json\/wp\/v2\/tags?post=57610"}],"curies":[{"name":"wp","href":"https:\/\/api.w.org\/{rel}","templated":true}]}}