{"id":57407,"date":"2025-07-09T16:21:24","date_gmt":"2025-07-09T16:21:24","guid":{"rendered":"https:\/\/munielchalpeten.gob.gt\/web\/?p=57407"},"modified":"2025-07-09T16:21:25","modified_gmt":"2025-07-09T16:21:25","slug":"puente-nuevo-une-comunidades-en-el-poxte-1","status":"publish","type":"post","link":"https:\/\/munielchalpeten.gob.gt\/web\/2025\/07\/09\/puente-nuevo-une-comunidades-en-el-poxte-1\/","title":{"rendered":"PUENTE NUEVO UNE COMUNIDADES EN EL POXTE 1"},"content":{"rendered":"\n<p>El se\u00f1or Alcalde Municipal, El\u00edas Calder\u00f3n \u00c1lvarez, junto a su Honorable Concejo Municipal, visit\u00f3 el Caser\u00edo El Poxte 1, donde fue recibido por integrantes del COCODE y vecinos del sector.<\/p>\n\n\n\n<p>Durante la visita, la comunidad expres\u00f3 su agradecimiento por la construcci\u00f3n del nuevo puente que ahora conecta El Poxte 1 con el Caser\u00edo San Rafael, Amatitl\u00e1n. Esta importante obra sustituye una antigua estructura de madera que representaba un riesgo durante las crecidas del r\u00edo.<\/p>\n\n\n\n<p>Con este nuevo paso seguro y digno, se fortalece la comunicaci\u00f3n, el acceso y el desarrollo de las comunidades de la Microrregi\u00f3n 3.<\/p>\n\n\n\n<p>Construyamos juntos el Municipio que queremos, Municipalidad de El Chal, Administraci\u00f3n 2024 -2028.<\/p>\n\n\n\n<figure class=\"wp-block-gallery has-nested-images columns-default is-cropped wp-block-gallery-1 is-layout-flex wp-block-gallery-is-layout-flex\">\n<figure class=\"wp-block-image size-large\"><img decoding=\"async\" width=\"1024\" height=\"683\" data-id=\"57409\" data-src=\"https:\/\/munielchalpeten.gob.gt\/web\/wp-content\/uploads\/2025\/07\/503856215_1020961970241056_4552301135016198267_n-1024x683.jpg\" alt=\"\" class=\"wp-image-57409 lazyload\" data-srcset=\"https:\/\/munielchalpeten.gob.gt\/web\/wp-content\/uploads\/2025\/07\/503856215_1020961970241056_4552301135016198267_n-1024x683.jpg 1024w, https:\/\/munielchalpeten.gob.gt\/web\/wp-content\/uploads\/2025\/07\/503856215_1020961970241056_4552301135016198267_n-300x200.jpg 300w, https:\/\/munielchalpeten.gob.gt\/web\/wp-content\/uploads\/2025\/07\/503856215_1020961970241056_4552301135016198267_n-768x512.jpg 768w, https:\/\/munielchalpeten.gob.gt\/web\/wp-content\/uploads\/2025\/07\/503856215_1020961970241056_4552301135016198267_n-1536x1024.jpg 1536w, https:\/\/munielchalpeten.gob.gt\/web\/wp-content\/uploads\/2025\/07\/503856215_1020961970241056_4552301135016198267_n-scaled.jpg 1920w\" data-sizes=\"(max-width: 1024px) 100vw, 1024px\" src=\"data:image\/svg+xml;base64,PHN2ZyB3aWR0aD0iMSIgaGVpZ2h0PSIxIiB4bWxucz0iaHR0cDovL3d3dy53My5vcmcvMjAwMC9zdmciPjwvc3ZnPg==\" style=\"--smush-placeholder-width: 1024px; --smush-placeholder-aspect-ratio: 1024\/683;\" \/><\/figure>\n\n\n\n<figure class=\"wp-block-image size-large\"><img decoding=\"async\" width=\"1024\" height=\"683\" data-id=\"57410\" data-src=\"https:\/\/munielchalpeten.gob.gt\/web\/wp-content\/uploads\/2025\/07\/504208577_1020962143574372_1573652078722804655_n-1024x683.jpg\" alt=\"\" class=\"wp-image-57410 lazyload\" data-srcset=\"https:\/\/munielchalpeten.gob.gt\/web\/wp-content\/uploads\/2025\/07\/504208577_1020962143574372_1573652078722804655_n-1024x683.jpg 1024w, https:\/\/munielchalpeten.gob.gt\/web\/wp-content\/uploads\/2025\/07\/504208577_1020962143574372_1573652078722804655_n-300x200.jpg 300w, https:\/\/munielchalpeten.gob.gt\/web\/wp-content\/uploads\/2025\/07\/504208577_1020962143574372_1573652078722804655_n-768x512.jpg 768w, https:\/\/munielchalpeten.gob.gt\/web\/wp-content\/uploads\/2025\/07\/504208577_1020962143574372_1573652078722804655_n-1536x1024.jpg 1536w, https:\/\/munielchalpeten.gob.gt\/web\/wp-content\/uploads\/2025\/07\/504208577_1020962143574372_1573652078722804655_n-scaled.jpg 1920w\" data-sizes=\"(max-width: 1024px) 100vw, 1024px\" src=\"data:image\/svg+xml;base64,PHN2ZyB3aWR0aD0iMSIgaGVpZ2h0PSIxIiB4bWxucz0iaHR0cDovL3d3dy53My5vcmcvMjAwMC9zdmciPjwvc3ZnPg==\" style=\"--smush-placeholder-width: 1024px; --smush-placeholder-aspect-ratio: 1024\/683;\" \/><\/figure>\n\n\n\n<figure class=\"wp-block-image size-large\"><img decoding=\"async\" width=\"1024\" height=\"683\" data-id=\"57408\" data-src=\"https:\/\/munielchalpeten.gob.gt\/web\/wp-content\/uploads\/2025\/07\/504509654_1020961620241091_2325743100457972870_n-1024x683.jpg\" alt=\"\" class=\"wp-image-57408 lazyload\" data-srcset=\"https:\/\/munielchalpeten.gob.gt\/web\/wp-content\/uploads\/2025\/07\/504509654_1020961620241091_2325743100457972870_n-1024x683.jpg 1024w, https:\/\/munielchalpeten.gob.gt\/web\/wp-content\/uploads\/2025\/07\/504509654_1020961620241091_2325743100457972870_n-300x200.jpg 300w, https:\/\/munielchalpeten.gob.gt\/web\/wp-content\/uploads\/2025\/07\/504509654_1020961620241091_2325743100457972870_n-768x512.jpg 768w, https:\/\/munielchalpeten.gob.gt\/web\/wp-content\/uploads\/2025\/07\/504509654_1020961620241091_2325743100457972870_n-1536x1024.jpg 1536w, https:\/\/munielchalpeten.gob.gt\/web\/wp-content\/uploads\/2025\/07\/504509654_1020961620241091_2325743100457972870_n-scaled.jpg 1920w\" data-sizes=\"(max-width: 1024px) 100vw, 1024px\" src=\"data:image\/svg+xml;base64,PHN2ZyB3aWR0aD0iMSIgaGVpZ2h0PSIxIiB4bWxucz0iaHR0cDovL3d3dy53My5vcmcvMjAwMC9zdmciPjwvc3ZnPg==\" style=\"--smush-placeholder-width: 1024px; --smush-placeholder-aspect-ratio: 1024\/683;\" \/><\/figure>\n<\/figure>\n","protected":false},"excerpt":{"rendered":"<p>El se\u00f1or Alcalde Municipal, El\u00edas Calder\u00f3n \u00c1lvarez, junto a su Honorable Concejo Municipal, visit\u00f3 el Caser\u00edo El Poxte 1, donde<\/p>\n","protected":false},"author":8,"featured_media":57410,"comment_status":"open","ping_status":"open","sticky":false,"template":"","format":"standard","meta":{"footnotes":""},"categories":[1],"tags":[],"class_list":["post-57407","post","type-post","status-publish","format-standard","has-post-thumbnail","hentry","category-sin-categoria"],"_links":{"self":[{"href":"https:\/\/munielchalpeten.gob.gt\/web\/wp-json\/wp\/v2\/posts\/57407","targetHints":{"allow":["GET"]}}],"collection":[{"href":"https:\/\/munielchalpeten.gob.gt\/web\/wp-json\/wp\/v2\/posts"}],"about":[{"href":"https:\/\/munielchalpeten.gob.gt\/web\/wp-json\/wp\/v2\/types\/post"}],"author":[{"embeddable":true,"href":"https:\/\/munielchalpeten.gob.gt\/web\/wp-json\/wp\/v2\/users\/8"}],"replies":[{"embeddable":true,"href":"https:\/\/munielchalpeten.gob.gt\/web\/wp-json\/wp\/v2\/comments?post=57407"}],"version-history":[{"count":1,"href":"https:\/\/munielchalpeten.gob.gt\/web\/wp-json\/wp\/v2\/posts\/57407\/revisions"}],"predecessor-version":[{"id":57411,"href":"https:\/\/munielchalpeten.gob.gt\/web\/wp-json\/wp\/v2\/posts\/57407\/revisions\/57411"}],"wp:featuredmedia":[{"embeddable":true,"href":"https:\/\/munielchalpeten.gob.gt\/web\/wp-json\/wp\/v2\/media\/57410"}],"wp:attachment":[{"href":"https:\/\/munielchalpeten.gob.gt\/web\/wp-json\/wp\/v2\/media?parent=57407"}],"wp:term":[{"taxonomy":"category","embeddable":true,"href":"https:\/\/munielchalpeten.gob.gt\/web\/wp-json\/wp\/v2\/categories?post=57407"},{"taxonomy":"post_tag","embeddable":true,"href":"https:\/\/munielchalpeten.gob.gt\/web\/wp-json\/wp\/v2\/tags?post=57407"}],"curies":[{"name":"wp","href":"https:\/\/api.w.org\/{rel}","templated":true}]}}