{"id":57401,"date":"2025-07-09T16:18:34","date_gmt":"2025-07-09T16:18:34","guid":{"rendered":"https:\/\/munielchalpeten.gob.gt\/web\/?p=57401"},"modified":"2025-07-09T16:18:36","modified_gmt":"2025-07-09T16:18:36","slug":"campana-de-reforestacion-en-colpeten","status":"publish","type":"post","link":"https:\/\/munielchalpeten.gob.gt\/web\/2025\/07\/09\/campana-de-reforestacion-en-colpeten\/","title":{"rendered":"CAMPA\u00d1A DE REFORESTACI\u00d3N EN COLPET\u00c9N"},"content":{"rendered":"\n<p>En conmemoraci\u00f3n del D\u00eda Mundial del Medio Ambiente, la Municipalidad de El Chal, a trav\u00e9s de la Secci\u00f3n de Agricultura y Medio Ambiente (SARNMA), realiz\u00f3 una jornada de reforestaci\u00f3n en la Escuela Oficial Rural Mixta del Caser\u00edo Colpet\u00e9n.<\/p>\n\n\n\n<p>Esta actividad se enmarca en la Pol\u00edtica Forestal Municipal, espec\u00edficamente en la l\u00ednea estrat\u00e9gica No. 1: Fomento a la Educaci\u00f3n Forestal, Agrosilvopastoril y Ambiental, promoviendo la conciencia ecol\u00f3gica y la participaci\u00f3n comunitaria.<\/p>\n\n\n\n<p>Con estas acciones, reafirmamos nuestro compromiso con la conservaci\u00f3n del medio ambiente y el desarrollo sostenible de nuestro municipio.<\/p>\n\n\n\n<p>Construyamos juntos el Municipio que queremos, Municipalidad de El Chal, Administraci\u00f3n 2024 &#8211; 2028.<\/p>\n\n\n\n<figure class=\"wp-block-gallery has-nested-images columns-default is-cropped wp-block-gallery-1 is-layout-flex wp-block-gallery-is-layout-flex\">\n<figure class=\"wp-block-image size-large\"><img decoding=\"async\" width=\"768\" height=\"1024\" data-id=\"57402\" data-src=\"https:\/\/munielchalpeten.gob.gt\/web\/wp-content\/uploads\/2025\/07\/504037349_1020948523575734_1103914234945768672_n-768x1024.jpg\" alt=\"\" class=\"wp-image-57402 lazyload\" data-srcset=\"https:\/\/munielchalpeten.gob.gt\/web\/wp-content\/uploads\/2025\/07\/504037349_1020948523575734_1103914234945768672_n-768x1024.jpg 768w, https:\/\/munielchalpeten.gob.gt\/web\/wp-content\/uploads\/2025\/07\/504037349_1020948523575734_1103914234945768672_n-225x300.jpg 225w, https:\/\/munielchalpeten.gob.gt\/web\/wp-content\/uploads\/2025\/07\/504037349_1020948523575734_1103914234945768672_n-1152x1536.jpg 1152w, https:\/\/munielchalpeten.gob.gt\/web\/wp-content\/uploads\/2025\/07\/504037349_1020948523575734_1103914234945768672_n-scaled.jpg 810w\" data-sizes=\"(max-width: 768px) 100vw, 768px\" src=\"data:image\/svg+xml;base64,PHN2ZyB3aWR0aD0iMSIgaGVpZ2h0PSIxIiB4bWxucz0iaHR0cDovL3d3dy53My5vcmcvMjAwMC9zdmciPjwvc3ZnPg==\" style=\"--smush-placeholder-width: 768px; --smush-placeholder-aspect-ratio: 768\/1024;\" \/><\/figure>\n\n\n\n<figure class=\"wp-block-image size-large\"><img decoding=\"async\" width=\"768\" height=\"1024\" data-id=\"57404\" data-src=\"https:\/\/munielchalpeten.gob.gt\/web\/wp-content\/uploads\/2025\/07\/504164511_1020948466909073_411621365005950079_n-768x1024.jpg\" alt=\"\" class=\"wp-image-57404 lazyload\" data-srcset=\"https:\/\/munielchalpeten.gob.gt\/web\/wp-content\/uploads\/2025\/07\/504164511_1020948466909073_411621365005950079_n-768x1024.jpg 768w, https:\/\/munielchalpeten.gob.gt\/web\/wp-content\/uploads\/2025\/07\/504164511_1020948466909073_411621365005950079_n-225x300.jpg 225w, https:\/\/munielchalpeten.gob.gt\/web\/wp-content\/uploads\/2025\/07\/504164511_1020948466909073_411621365005950079_n-1152x1536.jpg 1152w, https:\/\/munielchalpeten.gob.gt\/web\/wp-content\/uploads\/2025\/07\/504164511_1020948466909073_411621365005950079_n-scaled.jpg 1440w\" data-sizes=\"(max-width: 768px) 100vw, 768px\" src=\"data:image\/svg+xml;base64,PHN2ZyB3aWR0aD0iMSIgaGVpZ2h0PSIxIiB4bWxucz0iaHR0cDovL3d3dy53My5vcmcvMjAwMC9zdmciPjwvc3ZnPg==\" style=\"--smush-placeholder-width: 768px; --smush-placeholder-aspect-ratio: 768\/1024;\" \/><\/figure>\n\n\n\n<figure class=\"wp-block-image size-large\"><img decoding=\"async\" width=\"768\" height=\"1024\" data-id=\"57405\" data-src=\"https:\/\/munielchalpeten.gob.gt\/web\/wp-content\/uploads\/2025\/07\/504189731_1020948836909036_5081866528367249208_n-768x1024.jpg\" alt=\"\" class=\"wp-image-57405 lazyload\" data-srcset=\"https:\/\/munielchalpeten.gob.gt\/web\/wp-content\/uploads\/2025\/07\/504189731_1020948836909036_5081866528367249208_n-768x1024.jpg 768w, https:\/\/munielchalpeten.gob.gt\/web\/wp-content\/uploads\/2025\/07\/504189731_1020948836909036_5081866528367249208_n-225x300.jpg 225w, https:\/\/munielchalpeten.gob.gt\/web\/wp-content\/uploads\/2025\/07\/504189731_1020948836909036_5081866528367249208_n-1152x1536.jpg 1152w, https:\/\/munielchalpeten.gob.gt\/web\/wp-content\/uploads\/2025\/07\/504189731_1020948836909036_5081866528367249208_n-scaled.jpg 1440w\" data-sizes=\"(max-width: 768px) 100vw, 768px\" src=\"data:image\/svg+xml;base64,PHN2ZyB3aWR0aD0iMSIgaGVpZ2h0PSIxIiB4bWxucz0iaHR0cDovL3d3dy53My5vcmcvMjAwMC9zdmciPjwvc3ZnPg==\" style=\"--smush-placeholder-width: 768px; --smush-placeholder-aspect-ratio: 768\/1024;\" \/><\/figure>\n\n\n\n<figure class=\"wp-block-image size-large\"><img decoding=\"async\" width=\"1024\" height=\"768\" data-id=\"57403\" data-src=\"https:\/\/munielchalpeten.gob.gt\/web\/wp-content\/uploads\/2025\/07\/504696514_1020948266909093_7188373099875980887_n-1024x768.jpg\" alt=\"\" class=\"wp-image-57403 lazyload\" data-srcset=\"https:\/\/munielchalpeten.gob.gt\/web\/wp-content\/uploads\/2025\/07\/504696514_1020948266909093_7188373099875980887_n-1024x768.jpg 1024w, https:\/\/munielchalpeten.gob.gt\/web\/wp-content\/uploads\/2025\/07\/504696514_1020948266909093_7188373099875980887_n-300x225.jpg 300w, https:\/\/munielchalpeten.gob.gt\/web\/wp-content\/uploads\/2025\/07\/504696514_1020948266909093_7188373099875980887_n-768x576.jpg 768w, https:\/\/munielchalpeten.gob.gt\/web\/wp-content\/uploads\/2025\/07\/504696514_1020948266909093_7188373099875980887_n-1536x1152.jpg 1536w, https:\/\/munielchalpeten.gob.gt\/web\/wp-content\/uploads\/2025\/07\/504696514_1020948266909093_7188373099875980887_n-scaled.jpg 1440w\" data-sizes=\"(max-width: 1024px) 100vw, 1024px\" src=\"data:image\/svg+xml;base64,PHN2ZyB3aWR0aD0iMSIgaGVpZ2h0PSIxIiB4bWxucz0iaHR0cDovL3d3dy53My5vcmcvMjAwMC9zdmciPjwvc3ZnPg==\" style=\"--smush-placeholder-width: 1024px; --smush-placeholder-aspect-ratio: 1024\/768;\" \/><\/figure>\n<\/figure>\n","protected":false},"excerpt":{"rendered":"<p>En conmemoraci\u00f3n del D\u00eda Mundial del Medio Ambiente, la Municipalidad de El Chal, a trav\u00e9s de la Secci\u00f3n de Agricultura<\/p>\n","protected":false},"author":8,"featured_media":57405,"comment_status":"open","ping_status":"open","sticky":false,"template":"","format":"standard","meta":{"footnotes":""},"categories":[1],"tags":[],"class_list":["post-57401","post","type-post","status-publish","format-standard","has-post-thumbnail","hentry","category-sin-categoria"],"_links":{"self":[{"href":"https:\/\/munielchalpeten.gob.gt\/web\/wp-json\/wp\/v2\/posts\/57401","targetHints":{"allow":["GET"]}}],"collection":[{"href":"https:\/\/munielchalpeten.gob.gt\/web\/wp-json\/wp\/v2\/posts"}],"about":[{"href":"https:\/\/munielchalpeten.gob.gt\/web\/wp-json\/wp\/v2\/types\/post"}],"author":[{"embeddable":true,"href":"https:\/\/munielchalpeten.gob.gt\/web\/wp-json\/wp\/v2\/users\/8"}],"replies":[{"embeddable":true,"href":"https:\/\/munielchalpeten.gob.gt\/web\/wp-json\/wp\/v2\/comments?post=57401"}],"version-history":[{"count":1,"href":"https:\/\/munielchalpeten.gob.gt\/web\/wp-json\/wp\/v2\/posts\/57401\/revisions"}],"predecessor-version":[{"id":57406,"href":"https:\/\/munielchalpeten.gob.gt\/web\/wp-json\/wp\/v2\/posts\/57401\/revisions\/57406"}],"wp:featuredmedia":[{"embeddable":true,"href":"https:\/\/munielchalpeten.gob.gt\/web\/wp-json\/wp\/v2\/media\/57405"}],"wp:attachment":[{"href":"https:\/\/munielchalpeten.gob.gt\/web\/wp-json\/wp\/v2\/media?parent=57401"}],"wp:term":[{"taxonomy":"category","embeddable":true,"href":"https:\/\/munielchalpeten.gob.gt\/web\/wp-json\/wp\/v2\/categories?post=57401"},{"taxonomy":"post_tag","embeddable":true,"href":"https:\/\/munielchalpeten.gob.gt\/web\/wp-json\/wp\/v2\/tags?post=57401"}],"curies":[{"name":"wp","href":"https:\/\/api.w.org\/{rel}","templated":true}]}}