{"id":57323,"date":"2025-05-29T21:22:10","date_gmt":"2025-05-29T21:22:10","guid":{"rendered":"https:\/\/munielchalpeten.gob.gt\/web\/?p=57323"},"modified":"2025-05-29T21:22:11","modified_gmt":"2025-05-29T21:22:11","slug":"oportunidad-laboral-6","status":"publish","type":"post","link":"https:\/\/munielchalpeten.gob.gt\/web\/2025\/05\/29\/oportunidad-laboral-6\/","title":{"rendered":"OPORTUNIDAD LABORAL"},"content":{"rendered":"\n<p>\u00c1rea de San Luis, Popt\u00fan y Dolores<\/p>\n\n\n\n<p>EMPRESA DE COSM\u00c9TICOS CONTRATAR\u00c1 GERENTE DE VENTAS.Se invita a mujeres interesadas a aplicar al puesto.<\/p>\n\n\n\n<p>Env\u00eda tu curr\u00edculum al n\u00famero 3865-7744 o al correo: vumeelchal@gmail.com<\/p>\n\n\n\n<p>Fecha limite para aplicar hasta el dia lunes 16 de junio.<\/p>\n\n\n\n<p>Construyamos juntos el municipio que queremos Municipalidad de El Chal, Administraci\u00f3n 2024 &#8211; 2028.<\/p>\n\n\n\n<figure class=\"wp-block-gallery has-nested-images columns-default is-cropped wp-block-gallery-1 is-layout-flex wp-block-gallery-is-layout-flex\">\n<figure class=\"wp-block-image size-large\"><img decoding=\"async\" width=\"791\" height=\"1024\" data-id=\"57324\" data-src=\"https:\/\/munielchalpeten.gob.gt\/web\/wp-content\/uploads\/2025\/05\/502460137_1014888197515100_2619857186425319639_n-791x1024.jpg\" alt=\"\" class=\"wp-image-57324 lazyload\" data-srcset=\"https:\/\/munielchalpeten.gob.gt\/web\/wp-content\/uploads\/2025\/05\/502460137_1014888197515100_2619857186425319639_n-791x1024.jpg 791w, https:\/\/munielchalpeten.gob.gt\/web\/wp-content\/uploads\/2025\/05\/502460137_1014888197515100_2619857186425319639_n-232x300.jpg 232w, https:\/\/munielchalpeten.gob.gt\/web\/wp-content\/uploads\/2025\/05\/502460137_1014888197515100_2619857186425319639_n-768x994.jpg 768w, https:\/\/munielchalpeten.gob.gt\/web\/wp-content\/uploads\/2025\/05\/502460137_1014888197515100_2619857186425319639_n-1187x1536.jpg 1187w, https:\/\/munielchalpeten.gob.gt\/web\/wp-content\/uploads\/2025\/05\/502460137_1014888197515100_2619857186425319639_n.jpg 1236w\" data-sizes=\"(max-width: 791px) 100vw, 791px\" src=\"data:image\/svg+xml;base64,PHN2ZyB3aWR0aD0iMSIgaGVpZ2h0PSIxIiB4bWxucz0iaHR0cDovL3d3dy53My5vcmcvMjAwMC9zdmciPjwvc3ZnPg==\" style=\"--smush-placeholder-width: 791px; --smush-placeholder-aspect-ratio: 791\/1024;\" \/><\/figure>\n<\/figure>\n","protected":false},"excerpt":{"rendered":"<p>\u00c1rea de San Luis, Popt\u00fan y Dolores EMPRESA DE COSM\u00c9TICOS CONTRATAR\u00c1 GERENTE DE VENTAS.Se invita a mujeres interesadas a aplicar<\/p>\n","protected":false},"author":8,"featured_media":57324,"comment_status":"open","ping_status":"open","sticky":false,"template":"","format":"standard","meta":{"footnotes":""},"categories":[6],"tags":[],"class_list":["post-57323","post","type-post","status-publish","format-standard","has-post-thumbnail","hentry","category-noticias"],"_links":{"self":[{"href":"https:\/\/munielchalpeten.gob.gt\/web\/wp-json\/wp\/v2\/posts\/57323","targetHints":{"allow":["GET"]}}],"collection":[{"href":"https:\/\/munielchalpeten.gob.gt\/web\/wp-json\/wp\/v2\/posts"}],"about":[{"href":"https:\/\/munielchalpeten.gob.gt\/web\/wp-json\/wp\/v2\/types\/post"}],"author":[{"embeddable":true,"href":"https:\/\/munielchalpeten.gob.gt\/web\/wp-json\/wp\/v2\/users\/8"}],"replies":[{"embeddable":true,"href":"https:\/\/munielchalpeten.gob.gt\/web\/wp-json\/wp\/v2\/comments?post=57323"}],"version-history":[{"count":1,"href":"https:\/\/munielchalpeten.gob.gt\/web\/wp-json\/wp\/v2\/posts\/57323\/revisions"}],"predecessor-version":[{"id":57325,"href":"https:\/\/munielchalpeten.gob.gt\/web\/wp-json\/wp\/v2\/posts\/57323\/revisions\/57325"}],"wp:featuredmedia":[{"embeddable":true,"href":"https:\/\/munielchalpeten.gob.gt\/web\/wp-json\/wp\/v2\/media\/57324"}],"wp:attachment":[{"href":"https:\/\/munielchalpeten.gob.gt\/web\/wp-json\/wp\/v2\/media?parent=57323"}],"wp:term":[{"taxonomy":"category","embeddable":true,"href":"https:\/\/munielchalpeten.gob.gt\/web\/wp-json\/wp\/v2\/categories?post=57323"},{"taxonomy":"post_tag","embeddable":true,"href":"https:\/\/munielchalpeten.gob.gt\/web\/wp-json\/wp\/v2\/tags?post=57323"}],"curies":[{"name":"wp","href":"https:\/\/api.w.org\/{rel}","templated":true}]}}