{"id":57308,"date":"2025-05-29T21:14:35","date_gmt":"2025-05-29T21:14:35","guid":{"rendered":"https:\/\/munielchalpeten.gob.gt\/web\/?p=57308"},"modified":"2025-05-29T21:14:35","modified_gmt":"2025-05-29T21:14:35","slug":"seguimos-fortaleciendo-la-educacion-en-el-poxte-i","status":"publish","type":"post","link":"https:\/\/munielchalpeten.gob.gt\/web\/2025\/05\/29\/seguimos-fortaleciendo-la-educacion-en-el-poxte-i\/","title":{"rendered":"SEGUIMOS FORTALECIENDO LA EDUCACI\u00d3N EN EL POXTE I"},"content":{"rendered":"\n<p>El se\u00f1or alcalde El\u00edas Calder\u00f3n \u00c1lvarez y el Honorable Concejo Municipal han finalizado la ampliaci\u00f3n de la escuela primaria del caser\u00edo El Poxte 1, reafirmando nuestro compromiso con la educaci\u00f3n y el desarrollo comunitario.<\/p>\n\n\n\n<p>El proyecto, supervisado por la Direcci\u00f3n Municipal de Planificaci\u00f3n (DMP), alcanz\u00f3 un 100% de avance f\u00edsico e incluy\u00f3:<\/p>\n\n\n\n<ul class=\"wp-block-list\">\n<li>Dos m\u00f3dulos de direcci\u00f3n<\/li>\n\n\n\n<li>Dos m\u00f3dulos para archivo<\/li>\n\n\n\n<li>Un m\u00f3dulo de cocina con \u00e1rea de comedor<\/li>\n<\/ul>\n\n\n\n<p>Desde la Municipalidad de El Chal, seguimos trabajando para brindar espacios dignos y funcionales que impulsen el aprendizaje y el bienestar de nuestra ni\u00f1ez.<\/p>\n\n\n\n<p>\u00a1Construyamos juntos el municipio que queremos! Municipalidad de El Chal, Administraci\u00f3n 2024-2028.<\/p>\n\n\n\n<figure class=\"wp-block-gallery has-nested-images columns-default is-cropped wp-block-gallery-1 is-layout-flex wp-block-gallery-is-layout-flex\">\n<figure class=\"wp-block-image size-large\"><img decoding=\"async\" width=\"1024\" height=\"768\" data-id=\"57309\" data-src=\"https:\/\/munielchalpeten.gob.gt\/web\/wp-content\/uploads\/2025\/05\/499921072_1013539640983289_7845104097277538358_n-1024x768.jpg\" alt=\"\" class=\"wp-image-57309 lazyload\" data-srcset=\"https:\/\/munielchalpeten.gob.gt\/web\/wp-content\/uploads\/2025\/05\/499921072_1013539640983289_7845104097277538358_n-1024x768.jpg 1024w, https:\/\/munielchalpeten.gob.gt\/web\/wp-content\/uploads\/2025\/05\/499921072_1013539640983289_7845104097277538358_n-300x225.jpg 300w, https:\/\/munielchalpeten.gob.gt\/web\/wp-content\/uploads\/2025\/05\/499921072_1013539640983289_7845104097277538358_n-768x576.jpg 768w, https:\/\/munielchalpeten.gob.gt\/web\/wp-content\/uploads\/2025\/05\/499921072_1013539640983289_7845104097277538358_n.jpg 1280w\" data-sizes=\"(max-width: 1024px) 100vw, 1024px\" src=\"data:image\/svg+xml;base64,PHN2ZyB3aWR0aD0iMSIgaGVpZ2h0PSIxIiB4bWxucz0iaHR0cDovL3d3dy53My5vcmcvMjAwMC9zdmciPjwvc3ZnPg==\" style=\"--smush-placeholder-width: 1024px; --smush-placeholder-aspect-ratio: 1024\/768;\" \/><\/figure>\n\n\n\n<figure class=\"wp-block-image size-large\"><img decoding=\"async\" width=\"1024\" height=\"768\" data-id=\"57312\" data-src=\"https:\/\/munielchalpeten.gob.gt\/web\/wp-content\/uploads\/2025\/05\/499926097_1013539587649961_7615042273381684819_n-1024x768.jpg\" alt=\"\" class=\"wp-image-57312 lazyload\" data-srcset=\"https:\/\/munielchalpeten.gob.gt\/web\/wp-content\/uploads\/2025\/05\/499926097_1013539587649961_7615042273381684819_n-1024x768.jpg 1024w, https:\/\/munielchalpeten.gob.gt\/web\/wp-content\/uploads\/2025\/05\/499926097_1013539587649961_7615042273381684819_n-300x225.jpg 300w, https:\/\/munielchalpeten.gob.gt\/web\/wp-content\/uploads\/2025\/05\/499926097_1013539587649961_7615042273381684819_n-768x576.jpg 768w, https:\/\/munielchalpeten.gob.gt\/web\/wp-content\/uploads\/2025\/05\/499926097_1013539587649961_7615042273381684819_n.jpg 1280w\" data-sizes=\"(max-width: 1024px) 100vw, 1024px\" src=\"data:image\/svg+xml;base64,PHN2ZyB3aWR0aD0iMSIgaGVpZ2h0PSIxIiB4bWxucz0iaHR0cDovL3d3dy53My5vcmcvMjAwMC9zdmciPjwvc3ZnPg==\" style=\"--smush-placeholder-width: 1024px; --smush-placeholder-aspect-ratio: 1024\/768;\" \/><\/figure>\n\n\n\n<figure class=\"wp-block-image size-large\"><img decoding=\"async\" width=\"1024\" height=\"768\" data-id=\"57310\" data-src=\"https:\/\/munielchalpeten.gob.gt\/web\/wp-content\/uploads\/2025\/05\/499931811_1013539617649958_1663933526376255874_n-1024x768.jpg\" alt=\"\" class=\"wp-image-57310 lazyload\" data-srcset=\"https:\/\/munielchalpeten.gob.gt\/web\/wp-content\/uploads\/2025\/05\/499931811_1013539617649958_1663933526376255874_n-1024x768.jpg 1024w, https:\/\/munielchalpeten.gob.gt\/web\/wp-content\/uploads\/2025\/05\/499931811_1013539617649958_1663933526376255874_n-300x225.jpg 300w, https:\/\/munielchalpeten.gob.gt\/web\/wp-content\/uploads\/2025\/05\/499931811_1013539617649958_1663933526376255874_n-768x576.jpg 768w, https:\/\/munielchalpeten.gob.gt\/web\/wp-content\/uploads\/2025\/05\/499931811_1013539617649958_1663933526376255874_n.jpg 1280w\" data-sizes=\"(max-width: 1024px) 100vw, 1024px\" src=\"data:image\/svg+xml;base64,PHN2ZyB3aWR0aD0iMSIgaGVpZ2h0PSIxIiB4bWxucz0iaHR0cDovL3d3dy53My5vcmcvMjAwMC9zdmciPjwvc3ZnPg==\" style=\"--smush-placeholder-width: 1024px; --smush-placeholder-aspect-ratio: 1024\/768;\" \/><\/figure>\n\n\n\n<figure class=\"wp-block-image size-large\"><img decoding=\"async\" width=\"1024\" height=\"768\" data-id=\"57311\" data-src=\"https:\/\/munielchalpeten.gob.gt\/web\/wp-content\/uploads\/2025\/05\/499931989_1013539584316628_7543426073156588545_n-1024x768.jpg\" alt=\"\" class=\"wp-image-57311 lazyload\" data-srcset=\"https:\/\/munielchalpeten.gob.gt\/web\/wp-content\/uploads\/2025\/05\/499931989_1013539584316628_7543426073156588545_n-1024x768.jpg 1024w, https:\/\/munielchalpeten.gob.gt\/web\/wp-content\/uploads\/2025\/05\/499931989_1013539584316628_7543426073156588545_n-300x225.jpg 300w, https:\/\/munielchalpeten.gob.gt\/web\/wp-content\/uploads\/2025\/05\/499931989_1013539584316628_7543426073156588545_n-768x576.jpg 768w, https:\/\/munielchalpeten.gob.gt\/web\/wp-content\/uploads\/2025\/05\/499931989_1013539584316628_7543426073156588545_n.jpg 1280w\" data-sizes=\"(max-width: 1024px) 100vw, 1024px\" src=\"data:image\/svg+xml;base64,PHN2ZyB3aWR0aD0iMSIgaGVpZ2h0PSIxIiB4bWxucz0iaHR0cDovL3d3dy53My5vcmcvMjAwMC9zdmciPjwvc3ZnPg==\" style=\"--smush-placeholder-width: 1024px; --smush-placeholder-aspect-ratio: 1024\/768;\" \/><\/figure>\n<\/figure>\n","protected":false},"excerpt":{"rendered":"<p>El se\u00f1or alcalde El\u00edas Calder\u00f3n \u00c1lvarez y el Honorable Concejo Municipal han finalizado la ampliaci\u00f3n de la escuela primaria del<\/p>\n","protected":false},"author":8,"featured_media":57312,"comment_status":"open","ping_status":"open","sticky":false,"template":"","format":"standard","meta":{"footnotes":""},"categories":[41],"tags":[],"class_list":["post-57308","post","type-post","status-publish","format-standard","has-post-thumbnail","hentry","category-proyectos"],"_links":{"self":[{"href":"https:\/\/munielchalpeten.gob.gt\/web\/wp-json\/wp\/v2\/posts\/57308","targetHints":{"allow":["GET"]}}],"collection":[{"href":"https:\/\/munielchalpeten.gob.gt\/web\/wp-json\/wp\/v2\/posts"}],"about":[{"href":"https:\/\/munielchalpeten.gob.gt\/web\/wp-json\/wp\/v2\/types\/post"}],"author":[{"embeddable":true,"href":"https:\/\/munielchalpeten.gob.gt\/web\/wp-json\/wp\/v2\/users\/8"}],"replies":[{"embeddable":true,"href":"https:\/\/munielchalpeten.gob.gt\/web\/wp-json\/wp\/v2\/comments?post=57308"}],"version-history":[{"count":1,"href":"https:\/\/munielchalpeten.gob.gt\/web\/wp-json\/wp\/v2\/posts\/57308\/revisions"}],"predecessor-version":[{"id":57313,"href":"https:\/\/munielchalpeten.gob.gt\/web\/wp-json\/wp\/v2\/posts\/57308\/revisions\/57313"}],"wp:featuredmedia":[{"embeddable":true,"href":"https:\/\/munielchalpeten.gob.gt\/web\/wp-json\/wp\/v2\/media\/57312"}],"wp:attachment":[{"href":"https:\/\/munielchalpeten.gob.gt\/web\/wp-json\/wp\/v2\/media?parent=57308"}],"wp:term":[{"taxonomy":"category","embeddable":true,"href":"https:\/\/munielchalpeten.gob.gt\/web\/wp-json\/wp\/v2\/categories?post=57308"},{"taxonomy":"post_tag","embeddable":true,"href":"https:\/\/munielchalpeten.gob.gt\/web\/wp-json\/wp\/v2\/tags?post=57308"}],"curies":[{"name":"wp","href":"https:\/\/api.w.org\/{rel}","templated":true}]}}