{"id":57259,"date":"2025-05-26T21:26:41","date_gmt":"2025-05-26T21:26:41","guid":{"rendered":"https:\/\/munielchalpeten.gob.gt\/web\/?p=57259"},"modified":"2025-05-26T21:26:41","modified_gmt":"2025-05-26T21:26:41","slug":"certifica-tus-habilidades-laborales","status":"publish","type":"post","link":"https:\/\/munielchalpeten.gob.gt\/web\/2025\/05\/26\/certifica-tus-habilidades-laborales\/","title":{"rendered":"CERTIFICA TUS HABILIDADES LABORALES"},"content":{"rendered":"\n<p>\u00a1Ha llegado la oportunidad que estabas esperando!<\/p>\n\n\n\n<p>A todas las personas del municipio de El Chal, se les hace una invitaci\u00f3n muy especial:<\/p>\n\n\n\n<p>Si tienes experiencia en alba\u00f1iler\u00eda, soldadura, carpinter\u00eda, construcci\u00f3n u otros oficios, esta es tu oportunidad para certificar oficialmente tus habilidade<strong>s<\/strong> y abrirte paso hacia nuevas oportunidades laborales.<\/p>\n\n\n\n<p>La certificaci\u00f3n es totalmente gratuita y est\u00e1 respaldada por instituciones que creen en tu talento y esfuerzo.<\/p>\n\n\n\n<p> Fecha \u00fanica de certificaci\u00f3n:<br> Jueves 12 de junio de 2025<br> De 8:00 am a 12:00 pm<br> \u00c1rea central de El Chal<\/p>\n\n\n\n<p> Inscripciones abiertas del 26 al 30 de mayo de 2025<br> Ac\u00e9rcate a la Municipalidad de El Chal para registrarte.<\/p>\n\n\n\n<p>Este esfuerzo es posible gracias al valioso apoyo del Ministerio de Educaci\u00f3n, la Municipalidad de El Chal y la Ventanilla \u00danica Municipal de Empleo -VUME-.<\/p>\n\n\n\n<p>No dejes que esta oportunidad pase de largo. Tu conocimiento merece ser reconocido y valorado. <\/p>\n\n\n\n<figure class=\"wp-block-gallery has-nested-images columns-default is-cropped wp-block-gallery-1 is-layout-flex wp-block-gallery-is-layout-flex\">\n<figure class=\"wp-block-image size-large\"><img decoding=\"async\" width=\"1024\" height=\"858\" data-id=\"57260\" data-src=\"https:\/\/munielchalpeten.gob.gt\/web\/wp-content\/uploads\/2025\/05\/499230570_1010520294618557_908183822673901347_n-1024x858.jpg\" alt=\"\" class=\"wp-image-57260 lazyload\" data-srcset=\"https:\/\/munielchalpeten.gob.gt\/web\/wp-content\/uploads\/2025\/05\/499230570_1010520294618557_908183822673901347_n-1024x858.jpg 1024w, https:\/\/munielchalpeten.gob.gt\/web\/wp-content\/uploads\/2025\/05\/499230570_1010520294618557_908183822673901347_n-300x251.jpg 300w, https:\/\/munielchalpeten.gob.gt\/web\/wp-content\/uploads\/2025\/05\/499230570_1010520294618557_908183822673901347_n-768x643.jpg 768w, https:\/\/munielchalpeten.gob.gt\/web\/wp-content\/uploads\/2025\/05\/499230570_1010520294618557_908183822673901347_n.jpg 1289w\" data-sizes=\"(max-width: 1024px) 100vw, 1024px\" src=\"data:image\/svg+xml;base64,PHN2ZyB3aWR0aD0iMSIgaGVpZ2h0PSIxIiB4bWxucz0iaHR0cDovL3d3dy53My5vcmcvMjAwMC9zdmciPjwvc3ZnPg==\" style=\"--smush-placeholder-width: 1024px; --smush-placeholder-aspect-ratio: 1024\/858;\" \/><\/figure>\n<\/figure>\n","protected":false},"excerpt":{"rendered":"<p>\u00a1Ha llegado la oportunidad que estabas esperando! A todas las personas del municipio de El Chal, se les hace una<\/p>\n","protected":false},"author":8,"featured_media":57260,"comment_status":"open","ping_status":"open","sticky":false,"template":"","format":"standard","meta":{"footnotes":""},"categories":[6],"tags":[],"class_list":["post-57259","post","type-post","status-publish","format-standard","has-post-thumbnail","hentry","category-noticias"],"_links":{"self":[{"href":"https:\/\/munielchalpeten.gob.gt\/web\/wp-json\/wp\/v2\/posts\/57259","targetHints":{"allow":["GET"]}}],"collection":[{"href":"https:\/\/munielchalpeten.gob.gt\/web\/wp-json\/wp\/v2\/posts"}],"about":[{"href":"https:\/\/munielchalpeten.gob.gt\/web\/wp-json\/wp\/v2\/types\/post"}],"author":[{"embeddable":true,"href":"https:\/\/munielchalpeten.gob.gt\/web\/wp-json\/wp\/v2\/users\/8"}],"replies":[{"embeddable":true,"href":"https:\/\/munielchalpeten.gob.gt\/web\/wp-json\/wp\/v2\/comments?post=57259"}],"version-history":[{"count":1,"href":"https:\/\/munielchalpeten.gob.gt\/web\/wp-json\/wp\/v2\/posts\/57259\/revisions"}],"predecessor-version":[{"id":57261,"href":"https:\/\/munielchalpeten.gob.gt\/web\/wp-json\/wp\/v2\/posts\/57259\/revisions\/57261"}],"wp:featuredmedia":[{"embeddable":true,"href":"https:\/\/munielchalpeten.gob.gt\/web\/wp-json\/wp\/v2\/media\/57260"}],"wp:attachment":[{"href":"https:\/\/munielchalpeten.gob.gt\/web\/wp-json\/wp\/v2\/media?parent=57259"}],"wp:term":[{"taxonomy":"category","embeddable":true,"href":"https:\/\/munielchalpeten.gob.gt\/web\/wp-json\/wp\/v2\/categories?post=57259"},{"taxonomy":"post_tag","embeddable":true,"href":"https:\/\/munielchalpeten.gob.gt\/web\/wp-json\/wp\/v2\/tags?post=57259"}],"curies":[{"name":"wp","href":"https:\/\/api.w.org\/{rel}","templated":true}]}}