{"id":57245,"date":"2025-05-26T21:19:32","date_gmt":"2025-05-26T21:19:32","guid":{"rendered":"https:\/\/munielchalpeten.gob.gt\/web\/?p=57245"},"modified":"2025-05-26T21:19:32","modified_gmt":"2025-05-26T21:19:32","slug":"evaluacion-para-la-descentralizacion-de-consumo-familiar","status":"publish","type":"post","link":"https:\/\/munielchalpeten.gob.gt\/web\/2025\/05\/26\/evaluacion-para-la-descentralizacion-de-consumo-familiar\/","title":{"rendered":"EVALUACI\u00d3N PARA LA DESCENTRALIZACI\u00d3N DE CONSUMO FAMILIAR"},"content":{"rendered":"\n<p>El se\u00f1or alcalde municipal El\u00edas Calder\u00f3n, junto a la licenciada Amalia Gudiel L\u00f3pez, encargada de la Secci\u00f3n de Agricultura y Medio Ambiente (SARNMA), recibieron la visita de la ingeniera Andrea Dominga, delegada de Evaluaci\u00f3n y Seguimiento de INAB Guatemala, y representantes de la Direcci\u00f3n de Planificaci\u00f3n y Evaluaci\u00f3n de Seguimiento.<\/p>\n\n\n\n<p>Durante la jornada se realiz\u00f3 la evaluaci\u00f3n de cartas de entendimiento en el marco del proceso de descentralizaci\u00f3n de consumo familiar, adem\u00e1s de una visita al vivero municipal, con el fin de conocer las proyecciones e intenciones de trabajo conjunto en temas forestales.<\/p>\n\n\n\n<p>Estas acciones fortalecen los lazos interinstitucionales y consolidan el compromiso del gobierno local con el desarrollo ambiental y comunitario.<\/p>\n\n\n\n<p>Construyamos juntos el Municipio que queremos, Municipalidad de El Chal, Administraci\u00f3n 2024 &#8211; 2028.<\/p>\n\n\n\n<figure class=\"wp-block-gallery has-nested-images columns-default is-cropped wp-block-gallery-1 is-layout-flex wp-block-gallery-is-layout-flex\">\n<figure class=\"wp-block-image size-large\"><img decoding=\"async\" width=\"1024\" height=\"461\" data-id=\"57247\" data-src=\"https:\/\/munielchalpeten.gob.gt\/web\/wp-content\/uploads\/2025\/05\/499544226_1009776068026313_6210028957751944649_n-1024x461.jpg\" alt=\"\" class=\"wp-image-57247 lazyload\" data-srcset=\"https:\/\/munielchalpeten.gob.gt\/web\/wp-content\/uploads\/2025\/05\/499544226_1009776068026313_6210028957751944649_n-1024x461.jpg 1024w, https:\/\/munielchalpeten.gob.gt\/web\/wp-content\/uploads\/2025\/05\/499544226_1009776068026313_6210028957751944649_n-300x135.jpg 300w, https:\/\/munielchalpeten.gob.gt\/web\/wp-content\/uploads\/2025\/05\/499544226_1009776068026313_6210028957751944649_n-768x346.jpg 768w, https:\/\/munielchalpeten.gob.gt\/web\/wp-content\/uploads\/2025\/05\/499544226_1009776068026313_6210028957751944649_n-1536x691.jpg 1536w, https:\/\/munielchalpeten.gob.gt\/web\/wp-content\/uploads\/2025\/05\/499544226_1009776068026313_6210028957751944649_n.jpg 1600w\" data-sizes=\"(max-width: 1024px) 100vw, 1024px\" src=\"data:image\/svg+xml;base64,PHN2ZyB3aWR0aD0iMSIgaGVpZ2h0PSIxIiB4bWxucz0iaHR0cDovL3d3dy53My5vcmcvMjAwMC9zdmciPjwvc3ZnPg==\" style=\"--smush-placeholder-width: 1024px; --smush-placeholder-aspect-ratio: 1024\/461;\" \/><\/figure>\n\n\n\n<figure class=\"wp-block-image size-large\"><img decoding=\"async\" width=\"768\" height=\"1024\" data-id=\"57249\" data-src=\"https:\/\/munielchalpeten.gob.gt\/web\/wp-content\/uploads\/2025\/05\/500708062_1009776134692973_2146387648811972395_n-768x1024.jpg\" alt=\"\" class=\"wp-image-57249 lazyload\" data-srcset=\"https:\/\/munielchalpeten.gob.gt\/web\/wp-content\/uploads\/2025\/05\/500708062_1009776134692973_2146387648811972395_n-768x1024.jpg 768w, https:\/\/munielchalpeten.gob.gt\/web\/wp-content\/uploads\/2025\/05\/500708062_1009776134692973_2146387648811972395_n-225x300.jpg 225w, https:\/\/munielchalpeten.gob.gt\/web\/wp-content\/uploads\/2025\/05\/500708062_1009776134692973_2146387648811972395_n-1152x1536.jpg 1152w, https:\/\/munielchalpeten.gob.gt\/web\/wp-content\/uploads\/2025\/05\/500708062_1009776134692973_2146387648811972395_n-scaled.jpg 810w\" data-sizes=\"(max-width: 768px) 100vw, 768px\" src=\"data:image\/svg+xml;base64,PHN2ZyB3aWR0aD0iMSIgaGVpZ2h0PSIxIiB4bWxucz0iaHR0cDovL3d3dy53My5vcmcvMjAwMC9zdmciPjwvc3ZnPg==\" style=\"--smush-placeholder-width: 768px; --smush-placeholder-aspect-ratio: 768\/1024;\" \/><\/figure>\n\n\n\n<figure class=\"wp-block-image size-large\"><img decoding=\"async\" width=\"768\" height=\"1024\" data-id=\"57248\" data-src=\"https:\/\/munielchalpeten.gob.gt\/web\/wp-content\/uploads\/2025\/05\/498999010_1009776041359649_4360010693916174007_n-768x1024.jpg\" alt=\"\" class=\"wp-image-57248 lazyload\" data-srcset=\"https:\/\/munielchalpeten.gob.gt\/web\/wp-content\/uploads\/2025\/05\/498999010_1009776041359649_4360010693916174007_n-768x1024.jpg 768w, https:\/\/munielchalpeten.gob.gt\/web\/wp-content\/uploads\/2025\/05\/498999010_1009776041359649_4360010693916174007_n-225x300.jpg 225w, https:\/\/munielchalpeten.gob.gt\/web\/wp-content\/uploads\/2025\/05\/498999010_1009776041359649_4360010693916174007_n-1152x1536.jpg 1152w, https:\/\/munielchalpeten.gob.gt\/web\/wp-content\/uploads\/2025\/05\/498999010_1009776041359649_4360010693916174007_n.jpg 810w\" data-sizes=\"(max-width: 768px) 100vw, 768px\" src=\"data:image\/svg+xml;base64,PHN2ZyB3aWR0aD0iMSIgaGVpZ2h0PSIxIiB4bWxucz0iaHR0cDovL3d3dy53My5vcmcvMjAwMC9zdmciPjwvc3ZnPg==\" style=\"--smush-placeholder-width: 768px; --smush-placeholder-aspect-ratio: 768\/1024;\" \/><\/figure>\n\n\n\n<figure class=\"wp-block-image size-large\"><img decoding=\"async\" width=\"768\" height=\"1024\" data-id=\"57246\" data-src=\"https:\/\/munielchalpeten.gob.gt\/web\/wp-content\/uploads\/2025\/05\/499028977_1009775951359658_8195420462173745751_n-768x1024.jpg\" alt=\"\" class=\"wp-image-57246 lazyload\" data-srcset=\"https:\/\/munielchalpeten.gob.gt\/web\/wp-content\/uploads\/2025\/05\/499028977_1009775951359658_8195420462173745751_n-768x1024.jpg 768w, https:\/\/munielchalpeten.gob.gt\/web\/wp-content\/uploads\/2025\/05\/499028977_1009775951359658_8195420462173745751_n-225x300.jpg 225w, https:\/\/munielchalpeten.gob.gt\/web\/wp-content\/uploads\/2025\/05\/499028977_1009775951359658_8195420462173745751_n-1152x1536.jpg 1152w, https:\/\/munielchalpeten.gob.gt\/web\/wp-content\/uploads\/2025\/05\/499028977_1009775951359658_8195420462173745751_n.jpg 810w\" data-sizes=\"(max-width: 768px) 100vw, 768px\" src=\"data:image\/svg+xml;base64,PHN2ZyB3aWR0aD0iMSIgaGVpZ2h0PSIxIiB4bWxucz0iaHR0cDovL3d3dy53My5vcmcvMjAwMC9zdmciPjwvc3ZnPg==\" style=\"--smush-placeholder-width: 768px; --smush-placeholder-aspect-ratio: 768\/1024;\" \/><\/figure>\n<\/figure>\n","protected":false},"excerpt":{"rendered":"<p>El se\u00f1or alcalde municipal El\u00edas Calder\u00f3n, junto a la licenciada Amalia Gudiel L\u00f3pez, encargada de la Secci\u00f3n de Agricultura y<\/p>\n","protected":false},"author":8,"featured_media":57247,"comment_status":"open","ping_status":"open","sticky":false,"template":"","format":"standard","meta":{"footnotes":""},"categories":[43],"tags":[],"class_list":["post-57245","post","type-post","status-publish","format-standard","has-post-thumbnail","hentry","category-vivero-municipal"],"_links":{"self":[{"href":"https:\/\/munielchalpeten.gob.gt\/web\/wp-json\/wp\/v2\/posts\/57245","targetHints":{"allow":["GET"]}}],"collection":[{"href":"https:\/\/munielchalpeten.gob.gt\/web\/wp-json\/wp\/v2\/posts"}],"about":[{"href":"https:\/\/munielchalpeten.gob.gt\/web\/wp-json\/wp\/v2\/types\/post"}],"author":[{"embeddable":true,"href":"https:\/\/munielchalpeten.gob.gt\/web\/wp-json\/wp\/v2\/users\/8"}],"replies":[{"embeddable":true,"href":"https:\/\/munielchalpeten.gob.gt\/web\/wp-json\/wp\/v2\/comments?post=57245"}],"version-history":[{"count":1,"href":"https:\/\/munielchalpeten.gob.gt\/web\/wp-json\/wp\/v2\/posts\/57245\/revisions"}],"predecessor-version":[{"id":57250,"href":"https:\/\/munielchalpeten.gob.gt\/web\/wp-json\/wp\/v2\/posts\/57245\/revisions\/57250"}],"wp:featuredmedia":[{"embeddable":true,"href":"https:\/\/munielchalpeten.gob.gt\/web\/wp-json\/wp\/v2\/media\/57247"}],"wp:attachment":[{"href":"https:\/\/munielchalpeten.gob.gt\/web\/wp-json\/wp\/v2\/media?parent=57245"}],"wp:term":[{"taxonomy":"category","embeddable":true,"href":"https:\/\/munielchalpeten.gob.gt\/web\/wp-json\/wp\/v2\/categories?post=57245"},{"taxonomy":"post_tag","embeddable":true,"href":"https:\/\/munielchalpeten.gob.gt\/web\/wp-json\/wp\/v2\/tags?post=57245"}],"curies":[{"name":"wp","href":"https:\/\/api.w.org\/{rel}","templated":true}]}}