{"id":57236,"date":"2025-05-26T21:12:35","date_gmt":"2025-05-26T21:12:35","guid":{"rendered":"https:\/\/munielchalpeten.gob.gt\/web\/?p=57236"},"modified":"2025-05-26T21:12:36","modified_gmt":"2025-05-26T21:12:36","slug":"dia-nacional-de-la-comadrona-guatemalteca","status":"publish","type":"post","link":"https:\/\/munielchalpeten.gob.gt\/web\/2025\/05\/26\/dia-nacional-de-la-comadrona-guatemalteca\/","title":{"rendered":"DIA NACIONAL DE LA COMADRONA GUATEMALTECA"},"content":{"rendered":"\n<p>Este 19 de mayo, el Se\u00f1or Alcalde Municipal El\u00edas Calder\u00f3n \u00c1lvarez y la Direcci\u00f3n Municipal de la Mujer rinden un homenaje profundo y sentido a todas las comadronas que, con manos sabias y coraz\u00f3n generoso, han sido gu\u00eda, abrigo y esperanza en el milagro de la vida.<\/p>\n\n\n\n<p>Su labor, tejida con amor, espiritualidad y conocimiento ancestral, ha acompa\u00f1ado a innumerables madres en uno de los momentos m\u00e1s importantes de sus vidas: el nacimiento de sus hijos.<\/p>\n\n\n\n<p>Gracias, comadrona, por ser luz en la oscuridad, por tu paciencia, tu fuerza, tu voz que calma y tus manos que dan vida.<\/p>\n\n\n\n<p>Desde nuestra Municipalidad reconocemos tu valor sagrado y reafirmamos nuestro compromiso de respetar y dignificar tu noble misi\u00f3n.<\/p>\n\n\n\n<p>\u00a1Feliz d\u00eda, comadronas guatemaltecas!<br>Porque donde inicia la vida, ah\u00ed est\u00e1 tu presencia.<\/p>\n\n\n\n<figure class=\"wp-block-gallery has-nested-images columns-default is-cropped wp-block-gallery-1 is-layout-flex wp-block-gallery-is-layout-flex\">\n<figure class=\"wp-block-image size-large\"><img decoding=\"async\" width=\"819\" height=\"1024\" data-id=\"57237\" data-src=\"https:\/\/munielchalpeten.gob.gt\/web\/wp-content\/uploads\/2025\/05\/499472663_1008361331501120_4459955664792151440_n-819x1024.jpg\" alt=\"\" class=\"wp-image-57237 lazyload\" data-srcset=\"https:\/\/munielchalpeten.gob.gt\/web\/wp-content\/uploads\/2025\/05\/499472663_1008361331501120_4459955664792151440_n-819x1024.jpg 819w, https:\/\/munielchalpeten.gob.gt\/web\/wp-content\/uploads\/2025\/05\/499472663_1008361331501120_4459955664792151440_n-240x300.jpg 240w, https:\/\/munielchalpeten.gob.gt\/web\/wp-content\/uploads\/2025\/05\/499472663_1008361331501120_4459955664792151440_n-768x960.jpg 768w, https:\/\/munielchalpeten.gob.gt\/web\/wp-content\/uploads\/2025\/05\/499472663_1008361331501120_4459955664792151440_n.jpg 1080w\" data-sizes=\"(max-width: 819px) 100vw, 819px\" src=\"data:image\/svg+xml;base64,PHN2ZyB3aWR0aD0iMSIgaGVpZ2h0PSIxIiB4bWxucz0iaHR0cDovL3d3dy53My5vcmcvMjAwMC9zdmciPjwvc3ZnPg==\" style=\"--smush-placeholder-width: 819px; --smush-placeholder-aspect-ratio: 819\/1024;\" \/><\/figure>\n<\/figure>\n","protected":false},"excerpt":{"rendered":"<p>Este 19 de mayo, el Se\u00f1or Alcalde Municipal El\u00edas Calder\u00f3n \u00c1lvarez y la Direcci\u00f3n Municipal de la Mujer rinden un<\/p>\n","protected":false},"author":8,"featured_media":57237,"comment_status":"open","ping_status":"open","sticky":false,"template":"","format":"standard","meta":{"footnotes":""},"categories":[6],"tags":[],"class_list":["post-57236","post","type-post","status-publish","format-standard","has-post-thumbnail","hentry","category-noticias"],"_links":{"self":[{"href":"https:\/\/munielchalpeten.gob.gt\/web\/wp-json\/wp\/v2\/posts\/57236","targetHints":{"allow":["GET"]}}],"collection":[{"href":"https:\/\/munielchalpeten.gob.gt\/web\/wp-json\/wp\/v2\/posts"}],"about":[{"href":"https:\/\/munielchalpeten.gob.gt\/web\/wp-json\/wp\/v2\/types\/post"}],"author":[{"embeddable":true,"href":"https:\/\/munielchalpeten.gob.gt\/web\/wp-json\/wp\/v2\/users\/8"}],"replies":[{"embeddable":true,"href":"https:\/\/munielchalpeten.gob.gt\/web\/wp-json\/wp\/v2\/comments?post=57236"}],"version-history":[{"count":1,"href":"https:\/\/munielchalpeten.gob.gt\/web\/wp-json\/wp\/v2\/posts\/57236\/revisions"}],"predecessor-version":[{"id":57238,"href":"https:\/\/munielchalpeten.gob.gt\/web\/wp-json\/wp\/v2\/posts\/57236\/revisions\/57238"}],"wp:featuredmedia":[{"embeddable":true,"href":"https:\/\/munielchalpeten.gob.gt\/web\/wp-json\/wp\/v2\/media\/57237"}],"wp:attachment":[{"href":"https:\/\/munielchalpeten.gob.gt\/web\/wp-json\/wp\/v2\/media?parent=57236"}],"wp:term":[{"taxonomy":"category","embeddable":true,"href":"https:\/\/munielchalpeten.gob.gt\/web\/wp-json\/wp\/v2\/categories?post=57236"},{"taxonomy":"post_tag","embeddable":true,"href":"https:\/\/munielchalpeten.gob.gt\/web\/wp-json\/wp\/v2\/tags?post=57236"}],"curies":[{"name":"wp","href":"https:\/\/api.w.org\/{rel}","templated":true}]}}