{"id":56906,"date":"2025-04-08T20:30:38","date_gmt":"2025-04-08T20:30:38","guid":{"rendered":"https:\/\/munielchalpeten.gob.gt\/web\/?p=56906"},"modified":"2025-04-08T20:30:39","modified_gmt":"2025-04-08T20:30:39","slug":"nueva-escuela-para-el-poxte-2-sueno-cumplido","status":"publish","type":"post","link":"https:\/\/munielchalpeten.gob.gt\/web\/2025\/04\/08\/nueva-escuela-para-el-poxte-2-sueno-cumplido\/","title":{"rendered":"NUEVA ESCUELA PARA EL POXTE 2: \u00a1SUE\u00d1O CUMPLIDO!"},"content":{"rendered":"\n<p>La Municipalidad de El Chal, liderada por el alcalde El\u00edas Calder\u00f3n \u00c1lvarez, celebr\u00f3 la inauguraci\u00f3n de una nueva escuela primaria en Caser\u00edo El Poxte 2, una comunidad ubicada en la Microrregi\u00f3n 2. Este proyecto representa el cumplimiento de una promesa hecha en los primeros d\u00edas de gesti\u00f3n, cuando el alcalde y su entonces Concejal Primero, Orlando Carrera (Q.E.P.D.), visitaron la zona y constataron las precarias condiciones en las que los ni\u00f1os recib\u00edan clases.<\/p>\n\n\n\n<p>La antigua estructura de madera y l\u00e1mina, deteriorada y sin condiciones adecuadas, fue reemplazada por una escuela moderna, segura y funcional. Este nuevo espacio permitir\u00e1 que los estudiantes aprendan en un ambiente digno, contribuyendo a su desarrollo integral y mejorando la calidad educativa en la regi\u00f3n.<\/p>\n\n\n\n<p>Este logro fue posible gracias al compromiso conjunto de la Municipalidad, el COCODE de la comunidad, y el valioso apoyo de la familia Fabi\u00e1n Zetino. En especial, se reconoce el esfuerzo de la profesora Damaris Fabi\u00e1n Zetino, presidenta del COCODE; Dagoberto Zetino; el Sr. Hip\u00f3lito Fabi\u00e1n; y Marvin Fabi\u00e1n Carrillo, quien don\u00f3 el terreno para la construcci\u00f3n de la escuela.<\/p>\n\n\n\n<p>La obra refleja el poder de la unidad, el trabajo comunitario y la firme voluntad de transformar realidades. La Municipalidad reafirma su compromiso con la educaci\u00f3n como pilar fundamental para el desarrollo. \u00a1Seguimos trabajando con el coraz\u00f3n por el futuro de nuestras ni\u00f1as y ni\u00f1os!<\/p>\n\n\n\n<p>Construyamos juntos el Municipio que queremos, Municipalidad de El Chal, Administraci\u00f3n 2024 &#8211; 2028<\/p>\n\n\n\n<figure class=\"wp-block-gallery has-nested-images columns-default is-cropped wp-block-gallery-1 is-layout-flex wp-block-gallery-is-layout-flex\">\n<figure class=\"wp-block-image size-large\"><img decoding=\"async\" width=\"1024\" height=\"1024\" data-id=\"56907\" data-src=\"https:\/\/munielchalpeten.gob.gt\/web\/wp-content\/uploads\/2025\/04\/486948777_969749612028959_8093476190084985381_n-1024x1024.jpg\" alt=\"\" class=\"wp-image-56907 lazyload\" data-srcset=\"https:\/\/munielchalpeten.gob.gt\/web\/wp-content\/uploads\/2025\/04\/486948777_969749612028959_8093476190084985381_n-1024x1024.jpg 1024w, https:\/\/munielchalpeten.gob.gt\/web\/wp-content\/uploads\/2025\/04\/486948777_969749612028959_8093476190084985381_n-300x300.jpg 300w, https:\/\/munielchalpeten.gob.gt\/web\/wp-content\/uploads\/2025\/04\/486948777_969749612028959_8093476190084985381_n-150x150.jpg 150w, https:\/\/munielchalpeten.gob.gt\/web\/wp-content\/uploads\/2025\/04\/486948777_969749612028959_8093476190084985381_n-768x768.jpg 768w, https:\/\/munielchalpeten.gob.gt\/web\/wp-content\/uploads\/2025\/04\/486948777_969749612028959_8093476190084985381_n-1536x1536.jpg 1536w, https:\/\/munielchalpeten.gob.gt\/web\/wp-content\/uploads\/2025\/04\/486948777_969749612028959_8093476190084985381_n-scaled.jpg 1080w\" data-sizes=\"(max-width: 1024px) 100vw, 1024px\" src=\"data:image\/svg+xml;base64,PHN2ZyB3aWR0aD0iMSIgaGVpZ2h0PSIxIiB4bWxucz0iaHR0cDovL3d3dy53My5vcmcvMjAwMC9zdmciPjwvc3ZnPg==\" style=\"--smush-placeholder-width: 1024px; --smush-placeholder-aspect-ratio: 1024\/1024;\" \/><\/figure>\n\n\n\n<figure class=\"wp-block-image size-large\"><img decoding=\"async\" width=\"1024\" height=\"1024\" data-id=\"56908\" data-src=\"https:\/\/munielchalpeten.gob.gt\/web\/wp-content\/uploads\/2025\/04\/487171452_969749682028952_2622650061634145640_n-1024x1024.jpg\" alt=\"\" class=\"wp-image-56908 lazyload\" data-srcset=\"https:\/\/munielchalpeten.gob.gt\/web\/wp-content\/uploads\/2025\/04\/487171452_969749682028952_2622650061634145640_n-1024x1024.jpg 1024w, https:\/\/munielchalpeten.gob.gt\/web\/wp-content\/uploads\/2025\/04\/487171452_969749682028952_2622650061634145640_n-300x300.jpg 300w, https:\/\/munielchalpeten.gob.gt\/web\/wp-content\/uploads\/2025\/04\/487171452_969749682028952_2622650061634145640_n-150x150.jpg 150w, https:\/\/munielchalpeten.gob.gt\/web\/wp-content\/uploads\/2025\/04\/487171452_969749682028952_2622650061634145640_n-768x768.jpg 768w, https:\/\/munielchalpeten.gob.gt\/web\/wp-content\/uploads\/2025\/04\/487171452_969749682028952_2622650061634145640_n-1536x1536.jpg 1536w, https:\/\/munielchalpeten.gob.gt\/web\/wp-content\/uploads\/2025\/04\/487171452_969749682028952_2622650061634145640_n-scaled.jpg 1080w\" data-sizes=\"(max-width: 1024px) 100vw, 1024px\" src=\"data:image\/svg+xml;base64,PHN2ZyB3aWR0aD0iMSIgaGVpZ2h0PSIxIiB4bWxucz0iaHR0cDovL3d3dy53My5vcmcvMjAwMC9zdmciPjwvc3ZnPg==\" style=\"--smush-placeholder-width: 1024px; --smush-placeholder-aspect-ratio: 1024\/1024;\" \/><\/figure>\n<\/figure>\n","protected":false},"excerpt":{"rendered":"<p>La Municipalidad de El Chal, liderada por el alcalde El\u00edas Calder\u00f3n \u00c1lvarez, celebr\u00f3 la inauguraci\u00f3n de una nueva escuela primaria<\/p>\n","protected":false},"author":8,"featured_media":56907,"comment_status":"open","ping_status":"open","sticky":false,"template":"","format":"standard","meta":{"footnotes":""},"categories":[41],"tags":[],"class_list":["post-56906","post","type-post","status-publish","format-standard","has-post-thumbnail","hentry","category-proyectos"],"_links":{"self":[{"href":"https:\/\/munielchalpeten.gob.gt\/web\/wp-json\/wp\/v2\/posts\/56906","targetHints":{"allow":["GET"]}}],"collection":[{"href":"https:\/\/munielchalpeten.gob.gt\/web\/wp-json\/wp\/v2\/posts"}],"about":[{"href":"https:\/\/munielchalpeten.gob.gt\/web\/wp-json\/wp\/v2\/types\/post"}],"author":[{"embeddable":true,"href":"https:\/\/munielchalpeten.gob.gt\/web\/wp-json\/wp\/v2\/users\/8"}],"replies":[{"embeddable":true,"href":"https:\/\/munielchalpeten.gob.gt\/web\/wp-json\/wp\/v2\/comments?post=56906"}],"version-history":[{"count":1,"href":"https:\/\/munielchalpeten.gob.gt\/web\/wp-json\/wp\/v2\/posts\/56906\/revisions"}],"predecessor-version":[{"id":56909,"href":"https:\/\/munielchalpeten.gob.gt\/web\/wp-json\/wp\/v2\/posts\/56906\/revisions\/56909"}],"wp:featuredmedia":[{"embeddable":true,"href":"https:\/\/munielchalpeten.gob.gt\/web\/wp-json\/wp\/v2\/media\/56907"}],"wp:attachment":[{"href":"https:\/\/munielchalpeten.gob.gt\/web\/wp-json\/wp\/v2\/media?parent=56906"}],"wp:term":[{"taxonomy":"category","embeddable":true,"href":"https:\/\/munielchalpeten.gob.gt\/web\/wp-json\/wp\/v2\/categories?post=56906"},{"taxonomy":"post_tag","embeddable":true,"href":"https:\/\/munielchalpeten.gob.gt\/web\/wp-json\/wp\/v2\/tags?post=56906"}],"curies":[{"name":"wp","href":"https:\/\/api.w.org\/{rel}","templated":true}]}}