{"id":56542,"date":"2025-03-24T17:40:58","date_gmt":"2025-03-24T17:40:58","guid":{"rendered":"https:\/\/munielchalpeten.gob.gt\/web\/?p=56542"},"modified":"2025-03-24T17:42:36","modified_gmt":"2025-03-24T17:42:36","slug":"alcalde-elias-calderon-alvarez-recibe-reconocimiento-por-su-apoyo-a-la-salud","status":"publish","type":"post","link":"https:\/\/munielchalpeten.gob.gt\/web\/2025\/03\/24\/alcalde-elias-calderon-alvarez-recibe-reconocimiento-por-su-apoyo-a-la-salud\/","title":{"rendered":"ALCALDE EL\u00cdAS CALDER\u00d3N \u00c1LVAREZ RECIBE RECONOCIMIENTO POR SU APOYO A LA SALUD"},"content":{"rendered":"\n<p>El Alcalde Municipal, El\u00edas Calder\u00f3n \u00c1lvarez, fue reconocido por el personal t\u00e9cnico y administrativo del Centro de Atenci\u00f3n Permanente (CAP) y el Distrito de Salud de El Chal, Pet\u00e9n.<\/p>\n\n\n\n<p>Este reconocimiento resalta su compromiso con la salud p\u00fablica, especialmente por su apoyo en la ejecuci\u00f3n del proyecto <strong>\u00abAmpliaci\u00f3n del Centro de Atenci\u00f3n Permanente, CAP\u00bb<\/strong>. Gracias a su gesti\u00f3n, se han logrado avances significativos en el fortalecimiento de los servicios de salud para el municipio.<\/p>\n\n\n\n<p>\u00a1Seguimos trabajando por una mejor calidad de vida para todos!<\/p>\n\n\n\n<p>Construyamos juntos el Municipio que queremos, Municipalidad de El Chal, Administraci\u00f3n 2024 &#8211; 2028.<\/p>\n\n\n\n<figure class=\"wp-block-gallery has-nested-images columns-default is-cropped wp-block-gallery-1 is-layout-flex wp-block-gallery-is-layout-flex\">\n<figure class=\"wp-block-image size-large\"><img decoding=\"async\" width=\"683\" height=\"1024\" data-id=\"56543\" data-src=\"https:\/\/munielchalpeten.gob.gt\/web\/wp-content\/uploads\/2025\/03\/483364238_955507370119850_2761673999978795770_n-683x1024.jpg\" alt=\"\" class=\"wp-image-56543 lazyload\" data-srcset=\"https:\/\/munielchalpeten.gob.gt\/web\/wp-content\/uploads\/2025\/03\/483364238_955507370119850_2761673999978795770_n-683x1024.jpg 683w, https:\/\/munielchalpeten.gob.gt\/web\/wp-content\/uploads\/2025\/03\/483364238_955507370119850_2761673999978795770_n-200x300.jpg 200w, https:\/\/munielchalpeten.gob.gt\/web\/wp-content\/uploads\/2025\/03\/483364238_955507370119850_2761673999978795770_n-768x1152.jpg 768w, https:\/\/munielchalpeten.gob.gt\/web\/wp-content\/uploads\/2025\/03\/483364238_955507370119850_2761673999978795770_n-1024x1536.jpg 1024w, https:\/\/munielchalpeten.gob.gt\/web\/wp-content\/uploads\/2025\/03\/483364238_955507370119850_2761673999978795770_n-scaled.jpg 1280w\" data-sizes=\"(max-width: 683px) 100vw, 683px\" src=\"data:image\/svg+xml;base64,PHN2ZyB3aWR0aD0iMSIgaGVpZ2h0PSIxIiB4bWxucz0iaHR0cDovL3d3dy53My5vcmcvMjAwMC9zdmciPjwvc3ZnPg==\" style=\"--smush-placeholder-width: 683px; --smush-placeholder-aspect-ratio: 683\/1024;\" \/><\/figure>\n<\/figure>\n","protected":false},"excerpt":{"rendered":"<p>El Alcalde Municipal, El\u00edas Calder\u00f3n \u00c1lvarez, fue reconocido por el personal t\u00e9cnico y administrativo del Centro de Atenci\u00f3n Permanente (CAP)<\/p>\n","protected":false},"author":8,"featured_media":56545,"comment_status":"open","ping_status":"open","sticky":false,"template":"","format":"standard","meta":{"footnotes":""},"categories":[6],"tags":[],"class_list":["post-56542","post","type-post","status-publish","format-standard","has-post-thumbnail","hentry","category-noticias"],"_links":{"self":[{"href":"https:\/\/munielchalpeten.gob.gt\/web\/wp-json\/wp\/v2\/posts\/56542","targetHints":{"allow":["GET"]}}],"collection":[{"href":"https:\/\/munielchalpeten.gob.gt\/web\/wp-json\/wp\/v2\/posts"}],"about":[{"href":"https:\/\/munielchalpeten.gob.gt\/web\/wp-json\/wp\/v2\/types\/post"}],"author":[{"embeddable":true,"href":"https:\/\/munielchalpeten.gob.gt\/web\/wp-json\/wp\/v2\/users\/8"}],"replies":[{"embeddable":true,"href":"https:\/\/munielchalpeten.gob.gt\/web\/wp-json\/wp\/v2\/comments?post=56542"}],"version-history":[{"count":1,"href":"https:\/\/munielchalpeten.gob.gt\/web\/wp-json\/wp\/v2\/posts\/56542\/revisions"}],"predecessor-version":[{"id":56544,"href":"https:\/\/munielchalpeten.gob.gt\/web\/wp-json\/wp\/v2\/posts\/56542\/revisions\/56544"}],"wp:featuredmedia":[{"embeddable":true,"href":"https:\/\/munielchalpeten.gob.gt\/web\/wp-json\/wp\/v2\/media\/56545"}],"wp:attachment":[{"href":"https:\/\/munielchalpeten.gob.gt\/web\/wp-json\/wp\/v2\/media?parent=56542"}],"wp:term":[{"taxonomy":"category","embeddable":true,"href":"https:\/\/munielchalpeten.gob.gt\/web\/wp-json\/wp\/v2\/categories?post=56542"},{"taxonomy":"post_tag","embeddable":true,"href":"https:\/\/munielchalpeten.gob.gt\/web\/wp-json\/wp\/v2\/tags?post=56542"}],"curies":[{"name":"wp","href":"https:\/\/api.w.org\/{rel}","templated":true}]}}