{"id":55993,"date":"2025-01-13T20:46:17","date_gmt":"2025-01-13T20:46:17","guid":{"rendered":"https:\/\/munielchalpeten.gob.gt\/web\/?p=55993"},"modified":"2025-01-13T20:46:18","modified_gmt":"2025-01-13T20:46:18","slug":"primera-reunion-2025-con-el-personal-del-convoy-municipal","status":"publish","type":"post","link":"https:\/\/munielchalpeten.gob.gt\/web\/2025\/01\/13\/primera-reunion-2025-con-el-personal-del-convoy-municipal\/","title":{"rendered":"PRIMERA REUNI\u00d3N 2025 CON EL PERSONAL DEL CONVOY MUNICIPAL"},"content":{"rendered":"\n<p>El 2025 comenz\u00f3 con la primera reuni\u00f3n del personal que conforma el Convoy Municipal, presidida por el Alcalde El\u00edas Calder\u00f3n \u00c1lvarez, quien:<\/p>\n\n\n\n<ul class=\"wp-block-list\">\n<li>Agradeci\u00f3 al personal por las labores realizadas en 2024.<\/li>\n\n\n\n<li>Inst\u00f3 a cumplir con los objetivos y planificaciones para 2025.<\/li>\n\n\n\n<li>Promovi\u00f3 el respeto mutuo en las \u00e1reas laborales.<\/li>\n\n\n\n<li>Estableci\u00f3 procesos laborales y administrativos para mantener el orden.<\/li>\n\n\n\n<li>Present\u00f3 el orden jer\u00e1rquico del personal.<\/li>\n\n\n\n<li>Enfatiz\u00f3 la importancia de trabajar en equipo como municipio.<\/li>\n\n\n\n<li>Motiv\u00f3 a los supervisores y pilotos a trabajar activamente para beneficiar a los vecinos de El Chal.<\/li>\n<\/ul>\n\n\n\n<p>La reuni\u00f3n marc\u00f3 el inicio de un a\u00f1o de trabajo conjunto y comprometido para el bienestar de la comunidad.<\/p>\n\n\n\n<p>Construyamos juntos el Municipio que queremos, Municipalidad de El Chal, Administraci\u00f3n 2024 &#8211; 2028.<\/p>\n\n\n\n<figure class=\"wp-block-gallery has-nested-images columns-default is-cropped wp-block-gallery-1 is-layout-flex wp-block-gallery-is-layout-flex\">\n<figure class=\"wp-block-image size-large\"><img decoding=\"async\" width=\"1024\" height=\"768\" data-id=\"55995\" data-src=\"https:\/\/munielchalpeten.gob.gt\/web\/wp-content\/uploads\/2025\/01\/473038553_912382164432371_6043609707067477707_n-1024x768.jpg\" alt=\"\" class=\"wp-image-55995 lazyload\" data-srcset=\"https:\/\/munielchalpeten.gob.gt\/web\/wp-content\/uploads\/2025\/01\/473038553_912382164432371_6043609707067477707_n-1024x768.jpg 1024w, https:\/\/munielchalpeten.gob.gt\/web\/wp-content\/uploads\/2025\/01\/473038553_912382164432371_6043609707067477707_n-300x225.jpg 300w, https:\/\/munielchalpeten.gob.gt\/web\/wp-content\/uploads\/2025\/01\/473038553_912382164432371_6043609707067477707_n-768x576.jpg 768w, https:\/\/munielchalpeten.gob.gt\/web\/wp-content\/uploads\/2025\/01\/473038553_912382164432371_6043609707067477707_n-1536x1152.jpg 1536w, https:\/\/munielchalpeten.gob.gt\/web\/wp-content\/uploads\/2025\/01\/473038553_912382164432371_6043609707067477707_n-scaled.jpg 1440w\" data-sizes=\"(max-width: 1024px) 100vw, 1024px\" src=\"data:image\/svg+xml;base64,PHN2ZyB3aWR0aD0iMSIgaGVpZ2h0PSIxIiB4bWxucz0iaHR0cDovL3d3dy53My5vcmcvMjAwMC9zdmciPjwvc3ZnPg==\" style=\"--smush-placeholder-width: 1024px; --smush-placeholder-aspect-ratio: 1024\/768;\" \/><\/figure>\n\n\n\n<figure class=\"wp-block-image size-large\"><img decoding=\"async\" width=\"1024\" height=\"768\" data-id=\"55996\" data-src=\"https:\/\/munielchalpeten.gob.gt\/web\/wp-content\/uploads\/2025\/01\/473073333_912382207765700_4068927966103164636_n-1024x768.jpg\" alt=\"\" class=\"wp-image-55996 lazyload\" data-srcset=\"https:\/\/munielchalpeten.gob.gt\/web\/wp-content\/uploads\/2025\/01\/473073333_912382207765700_4068927966103164636_n-1024x768.jpg 1024w, https:\/\/munielchalpeten.gob.gt\/web\/wp-content\/uploads\/2025\/01\/473073333_912382207765700_4068927966103164636_n-300x225.jpg 300w, https:\/\/munielchalpeten.gob.gt\/web\/wp-content\/uploads\/2025\/01\/473073333_912382207765700_4068927966103164636_n-768x576.jpg 768w, https:\/\/munielchalpeten.gob.gt\/web\/wp-content\/uploads\/2025\/01\/473073333_912382207765700_4068927966103164636_n-1536x1152.jpg 1536w, https:\/\/munielchalpeten.gob.gt\/web\/wp-content\/uploads\/2025\/01\/473073333_912382207765700_4068927966103164636_n-scaled.jpg 1440w\" data-sizes=\"(max-width: 1024px) 100vw, 1024px\" src=\"data:image\/svg+xml;base64,PHN2ZyB3aWR0aD0iMSIgaGVpZ2h0PSIxIiB4bWxucz0iaHR0cDovL3d3dy53My5vcmcvMjAwMC9zdmciPjwvc3ZnPg==\" style=\"--smush-placeholder-width: 1024px; --smush-placeholder-aspect-ratio: 1024\/768;\" \/><\/figure>\n\n\n\n<figure class=\"wp-block-image size-large\"><img decoding=\"async\" width=\"1024\" height=\"768\" data-id=\"55994\" data-src=\"https:\/\/munielchalpeten.gob.gt\/web\/wp-content\/uploads\/2025\/01\/473145381_912382277765693_1690451078246428440_n-1024x768.jpg\" alt=\"\" class=\"wp-image-55994 lazyload\" data-srcset=\"https:\/\/munielchalpeten.gob.gt\/web\/wp-content\/uploads\/2025\/01\/473145381_912382277765693_1690451078246428440_n-1024x768.jpg 1024w, https:\/\/munielchalpeten.gob.gt\/web\/wp-content\/uploads\/2025\/01\/473145381_912382277765693_1690451078246428440_n-300x225.jpg 300w, https:\/\/munielchalpeten.gob.gt\/web\/wp-content\/uploads\/2025\/01\/473145381_912382277765693_1690451078246428440_n-768x576.jpg 768w, https:\/\/munielchalpeten.gob.gt\/web\/wp-content\/uploads\/2025\/01\/473145381_912382277765693_1690451078246428440_n-1536x1152.jpg 1536w, https:\/\/munielchalpeten.gob.gt\/web\/wp-content\/uploads\/2025\/01\/473145381_912382277765693_1690451078246428440_n-scaled.jpg 1440w\" data-sizes=\"(max-width: 1024px) 100vw, 1024px\" src=\"data:image\/svg+xml;base64,PHN2ZyB3aWR0aD0iMSIgaGVpZ2h0PSIxIiB4bWxucz0iaHR0cDovL3d3dy53My5vcmcvMjAwMC9zdmciPjwvc3ZnPg==\" style=\"--smush-placeholder-width: 1024px; --smush-placeholder-aspect-ratio: 1024\/768;\" \/><\/figure>\n<\/figure>\n","protected":false},"excerpt":{"rendered":"<p>El 2025 comenz\u00f3 con la primera reuni\u00f3n del personal que conforma el Convoy Municipal, presidida por el Alcalde El\u00edas Calder\u00f3n<\/p>\n","protected":false},"author":8,"featured_media":55996,"comment_status":"open","ping_status":"open","sticky":false,"template":"","format":"standard","meta":{"footnotes":""},"categories":[6],"tags":[],"class_list":["post-55993","post","type-post","status-publish","format-standard","has-post-thumbnail","hentry","category-noticias"],"_links":{"self":[{"href":"https:\/\/munielchalpeten.gob.gt\/web\/wp-json\/wp\/v2\/posts\/55993","targetHints":{"allow":["GET"]}}],"collection":[{"href":"https:\/\/munielchalpeten.gob.gt\/web\/wp-json\/wp\/v2\/posts"}],"about":[{"href":"https:\/\/munielchalpeten.gob.gt\/web\/wp-json\/wp\/v2\/types\/post"}],"author":[{"embeddable":true,"href":"https:\/\/munielchalpeten.gob.gt\/web\/wp-json\/wp\/v2\/users\/8"}],"replies":[{"embeddable":true,"href":"https:\/\/munielchalpeten.gob.gt\/web\/wp-json\/wp\/v2\/comments?post=55993"}],"version-history":[{"count":1,"href":"https:\/\/munielchalpeten.gob.gt\/web\/wp-json\/wp\/v2\/posts\/55993\/revisions"}],"predecessor-version":[{"id":55997,"href":"https:\/\/munielchalpeten.gob.gt\/web\/wp-json\/wp\/v2\/posts\/55993\/revisions\/55997"}],"wp:featuredmedia":[{"embeddable":true,"href":"https:\/\/munielchalpeten.gob.gt\/web\/wp-json\/wp\/v2\/media\/55996"}],"wp:attachment":[{"href":"https:\/\/munielchalpeten.gob.gt\/web\/wp-json\/wp\/v2\/media?parent=55993"}],"wp:term":[{"taxonomy":"category","embeddable":true,"href":"https:\/\/munielchalpeten.gob.gt\/web\/wp-json\/wp\/v2\/categories?post=55993"},{"taxonomy":"post_tag","embeddable":true,"href":"https:\/\/munielchalpeten.gob.gt\/web\/wp-json\/wp\/v2\/tags?post=55993"}],"curies":[{"name":"wp","href":"https:\/\/api.w.org\/{rel}","templated":true}]}}