{"id":55942,"date":"2025-01-13T19:20:26","date_gmt":"2025-01-13T19:20:26","guid":{"rendered":"https:\/\/munielchalpeten.gob.gt\/web\/?p=55942"},"modified":"2025-01-13T19:20:27","modified_gmt":"2025-01-13T19:20:27","slug":"agradecimiento-y-deseos-de-feliz-ano-nuevo-2025","status":"publish","type":"post","link":"https:\/\/munielchalpeten.gob.gt\/web\/2025\/01\/13\/agradecimiento-y-deseos-de-feliz-ano-nuevo-2025\/","title":{"rendered":"AGRADECIMIENTO Y DESEOS DE FELIZ A\u00d1O NUEVO 2025"},"content":{"rendered":"\n<p>En nombre de la Municipalidad de El Chal, el Alcalde El\u00edas Calder\u00f3n \u00c1lvarez y su Concejo Municipal expresan su agradecimiento a toda la comunidad por su apoyo, trabajo en equipo y confianza durante el a\u00f1o que termina. Gracias a su colaboraci\u00f3n, se lograron avances significativos en proyectos que benefician a la poblaci\u00f3n y fortalecen al municipio. Con esperanza y entusiasmo, desean un Feliz A\u00f1o Nuevo 2025 lleno de bendiciones, salud, paz y prosperidad, y que el pr\u00f3ximo a\u00f1o permita continuar trabajando juntos por un municipio mejor.<\/p>\n\n\n\n<p>Construyamos juntos el Municipio que queremos, Municipalidad de El Chal, Administraci\u00f3n 2024 &#8211; 2028<\/p>\n\n\n\n<figure class=\"wp-block-gallery has-nested-images columns-default is-cropped wp-block-gallery-1 is-layout-flex wp-block-gallery-is-layout-flex\">\n<figure class=\"wp-block-image size-large\"><img decoding=\"async\" width=\"674\" height=\"1024\" data-id=\"55943\" data-src=\"https:\/\/munielchalpeten.gob.gt\/web\/wp-content\/uploads\/2025\/01\/472119389_905982658405655_6740477328772669263_n-674x1024.jpg\" alt=\"\" class=\"wp-image-55943 lazyload\" data-srcset=\"https:\/\/munielchalpeten.gob.gt\/web\/wp-content\/uploads\/2025\/01\/472119389_905982658405655_6740477328772669263_n-674x1024.jpg 674w, https:\/\/munielchalpeten.gob.gt\/web\/wp-content\/uploads\/2025\/01\/472119389_905982658405655_6740477328772669263_n-197x300.jpg 197w, https:\/\/munielchalpeten.gob.gt\/web\/wp-content\/uploads\/2025\/01\/472119389_905982658405655_6740477328772669263_n-768x1168.jpg 768w, https:\/\/munielchalpeten.gob.gt\/web\/wp-content\/uploads\/2025\/01\/472119389_905982658405655_6740477328772669263_n-1010x1536.jpg 1010w, https:\/\/munielchalpeten.gob.gt\/web\/wp-content\/uploads\/2025\/01\/472119389_905982658405655_6740477328772669263_n-scaled.jpg 710w\" data-sizes=\"(max-width: 674px) 100vw, 674px\" src=\"data:image\/svg+xml;base64,PHN2ZyB3aWR0aD0iMSIgaGVpZ2h0PSIxIiB4bWxucz0iaHR0cDovL3d3dy53My5vcmcvMjAwMC9zdmciPjwvc3ZnPg==\" style=\"--smush-placeholder-width: 674px; --smush-placeholder-aspect-ratio: 674\/1024;\" \/><\/figure>\n<\/figure>\n","protected":false},"excerpt":{"rendered":"<p>En nombre de la Municipalidad de El Chal, el Alcalde El\u00edas Calder\u00f3n \u00c1lvarez y su Concejo Municipal expresan su agradecimiento<\/p>\n","protected":false},"author":8,"featured_media":55943,"comment_status":"open","ping_status":"open","sticky":false,"template":"","format":"standard","meta":{"footnotes":""},"categories":[6],"tags":[],"class_list":["post-55942","post","type-post","status-publish","format-standard","has-post-thumbnail","hentry","category-noticias"],"_links":{"self":[{"href":"https:\/\/munielchalpeten.gob.gt\/web\/wp-json\/wp\/v2\/posts\/55942","targetHints":{"allow":["GET"]}}],"collection":[{"href":"https:\/\/munielchalpeten.gob.gt\/web\/wp-json\/wp\/v2\/posts"}],"about":[{"href":"https:\/\/munielchalpeten.gob.gt\/web\/wp-json\/wp\/v2\/types\/post"}],"author":[{"embeddable":true,"href":"https:\/\/munielchalpeten.gob.gt\/web\/wp-json\/wp\/v2\/users\/8"}],"replies":[{"embeddable":true,"href":"https:\/\/munielchalpeten.gob.gt\/web\/wp-json\/wp\/v2\/comments?post=55942"}],"version-history":[{"count":1,"href":"https:\/\/munielchalpeten.gob.gt\/web\/wp-json\/wp\/v2\/posts\/55942\/revisions"}],"predecessor-version":[{"id":55944,"href":"https:\/\/munielchalpeten.gob.gt\/web\/wp-json\/wp\/v2\/posts\/55942\/revisions\/55944"}],"wp:featuredmedia":[{"embeddable":true,"href":"https:\/\/munielchalpeten.gob.gt\/web\/wp-json\/wp\/v2\/media\/55943"}],"wp:attachment":[{"href":"https:\/\/munielchalpeten.gob.gt\/web\/wp-json\/wp\/v2\/media?parent=55942"}],"wp:term":[{"taxonomy":"category","embeddable":true,"href":"https:\/\/munielchalpeten.gob.gt\/web\/wp-json\/wp\/v2\/categories?post=55942"},{"taxonomy":"post_tag","embeddable":true,"href":"https:\/\/munielchalpeten.gob.gt\/web\/wp-json\/wp\/v2\/tags?post=55942"}],"curies":[{"name":"wp","href":"https:\/\/api.w.org\/{rel}","templated":true}]}}