{"id":55923,"date":"2025-01-13T17:22:06","date_gmt":"2025-01-13T17:22:06","guid":{"rendered":"https:\/\/munielchalpeten.gob.gt\/web\/?p=55923"},"modified":"2025-01-13T17:22:07","modified_gmt":"2025-01-13T17:22:07","slug":"avances-en-la-nueva-escuela-primaria-para-el-caserio-poxte-2","status":"publish","type":"post","link":"https:\/\/munielchalpeten.gob.gt\/web\/2025\/01\/13\/avances-en-la-nueva-escuela-primaria-para-el-caserio-poxte-2\/","title":{"rendered":"AVANCES EN LA NUEVA ESCUELA PRIMARIA PARA EL CASER\u00cdO POXTE 2."},"content":{"rendered":"\n<p>Gracias a las gestiones del Alcalde El\u00edas Calder\u00f3n \u00c1lvarez y su Concejo Municipal, el proyecto de la nueva escuela primaria en el Caser\u00edo Poxte 2 avanza con un 73.50% de progreso. Supervisado por la Direcci\u00f3n Municipal de Planificaci\u00f3n (DMP), incluye la construcci\u00f3n de un aula, m\u00f3dulos de direcci\u00f3n, archivo, cocina y servicios sanitarios, utilizando mamposter\u00eda con armado concreto y una cubierta met\u00e1lica. Este proyecto, financiado con fondos ordinarios del CODEDE, asegura un entorno adecuado y seguro para el aprendizaje.<\/p>\n\n\n\n<p>Construyamos juntos el municipio que queremos. Municipalidad de El Chal, Administraci\u00f3n 2024 &#8211; 2028.<\/p>\n\n\n\n<figure class=\"wp-block-gallery has-nested-images columns-default is-cropped wp-block-gallery-1 is-layout-flex wp-block-gallery-is-layout-flex\">\n<figure class=\"wp-block-image size-large\"><img decoding=\"async\" width=\"1024\" height=\"576\" data-id=\"55925\" data-src=\"https:\/\/munielchalpeten.gob.gt\/web\/wp-content\/uploads\/2025\/01\/470161470_893329483004306_9153818891343910833_n-1024x576.jpg\" alt=\"\" class=\"wp-image-55925 lazyload\" data-srcset=\"https:\/\/munielchalpeten.gob.gt\/web\/wp-content\/uploads\/2025\/01\/470161470_893329483004306_9153818891343910833_n-1024x576.jpg 1024w, https:\/\/munielchalpeten.gob.gt\/web\/wp-content\/uploads\/2025\/01\/470161470_893329483004306_9153818891343910833_n-300x169.jpg 300w, https:\/\/munielchalpeten.gob.gt\/web\/wp-content\/uploads\/2025\/01\/470161470_893329483004306_9153818891343910833_n-768x432.jpg 768w, https:\/\/munielchalpeten.gob.gt\/web\/wp-content\/uploads\/2025\/01\/470161470_893329483004306_9153818891343910833_n-1536x864.jpg 1536w, https:\/\/munielchalpeten.gob.gt\/web\/wp-content\/uploads\/2025\/01\/470161470_893329483004306_9153818891343910833_n.jpg 1600w\" data-sizes=\"(max-width: 1024px) 100vw, 1024px\" src=\"data:image\/svg+xml;base64,PHN2ZyB3aWR0aD0iMSIgaGVpZ2h0PSIxIiB4bWxucz0iaHR0cDovL3d3dy53My5vcmcvMjAwMC9zdmciPjwvc3ZnPg==\" style=\"--smush-placeholder-width: 1024px; --smush-placeholder-aspect-ratio: 1024\/576;\" \/><\/figure>\n\n\n\n<figure class=\"wp-block-image size-large\"><img decoding=\"async\" width=\"1024\" height=\"576\" data-id=\"55924\" data-src=\"https:\/\/munielchalpeten.gob.gt\/web\/wp-content\/uploads\/2025\/01\/470186199_893329436337644_6643889727334582443_n-1024x576.jpg\" alt=\"\" class=\"wp-image-55924 lazyload\" data-srcset=\"https:\/\/munielchalpeten.gob.gt\/web\/wp-content\/uploads\/2025\/01\/470186199_893329436337644_6643889727334582443_n-1024x576.jpg 1024w, https:\/\/munielchalpeten.gob.gt\/web\/wp-content\/uploads\/2025\/01\/470186199_893329436337644_6643889727334582443_n-300x169.jpg 300w, https:\/\/munielchalpeten.gob.gt\/web\/wp-content\/uploads\/2025\/01\/470186199_893329436337644_6643889727334582443_n-768x432.jpg 768w, https:\/\/munielchalpeten.gob.gt\/web\/wp-content\/uploads\/2025\/01\/470186199_893329436337644_6643889727334582443_n-1536x864.jpg 1536w, https:\/\/munielchalpeten.gob.gt\/web\/wp-content\/uploads\/2025\/01\/470186199_893329436337644_6643889727334582443_n.jpg 1600w\" data-sizes=\"(max-width: 1024px) 100vw, 1024px\" src=\"data:image\/svg+xml;base64,PHN2ZyB3aWR0aD0iMSIgaGVpZ2h0PSIxIiB4bWxucz0iaHR0cDovL3d3dy53My5vcmcvMjAwMC9zdmciPjwvc3ZnPg==\" style=\"--smush-placeholder-width: 1024px; --smush-placeholder-aspect-ratio: 1024\/576;\" \/><\/figure>\n\n\n\n<figure class=\"wp-block-image size-large\"><img decoding=\"async\" width=\"1024\" height=\"576\" data-id=\"55926\" data-src=\"https:\/\/munielchalpeten.gob.gt\/web\/wp-content\/uploads\/2025\/01\/470213953_893329469670974_5609431024398619984_n-1024x576.jpg\" alt=\"\" class=\"wp-image-55926 lazyload\" data-srcset=\"https:\/\/munielchalpeten.gob.gt\/web\/wp-content\/uploads\/2025\/01\/470213953_893329469670974_5609431024398619984_n-1024x576.jpg 1024w, https:\/\/munielchalpeten.gob.gt\/web\/wp-content\/uploads\/2025\/01\/470213953_893329469670974_5609431024398619984_n-300x169.jpg 300w, https:\/\/munielchalpeten.gob.gt\/web\/wp-content\/uploads\/2025\/01\/470213953_893329469670974_5609431024398619984_n-768x432.jpg 768w, https:\/\/munielchalpeten.gob.gt\/web\/wp-content\/uploads\/2025\/01\/470213953_893329469670974_5609431024398619984_n-1536x864.jpg 1536w, https:\/\/munielchalpeten.gob.gt\/web\/wp-content\/uploads\/2025\/01\/470213953_893329469670974_5609431024398619984_n.jpg 1600w\" data-sizes=\"(max-width: 1024px) 100vw, 1024px\" src=\"data:image\/svg+xml;base64,PHN2ZyB3aWR0aD0iMSIgaGVpZ2h0PSIxIiB4bWxucz0iaHR0cDovL3d3dy53My5vcmcvMjAwMC9zdmciPjwvc3ZnPg==\" style=\"--smush-placeholder-width: 1024px; --smush-placeholder-aspect-ratio: 1024\/576;\" \/><\/figure>\n<\/figure>\n","protected":false},"excerpt":{"rendered":"<p>Gracias a las gestiones del Alcalde El\u00edas Calder\u00f3n \u00c1lvarez y su Concejo Municipal, el proyecto de la nueva escuela primaria<\/p>\n","protected":false},"author":8,"featured_media":55924,"comment_status":"open","ping_status":"open","sticky":false,"template":"","format":"standard","meta":{"footnotes":""},"categories":[41],"tags":[],"class_list":["post-55923","post","type-post","status-publish","format-standard","has-post-thumbnail","hentry","category-proyectos"],"_links":{"self":[{"href":"https:\/\/munielchalpeten.gob.gt\/web\/wp-json\/wp\/v2\/posts\/55923","targetHints":{"allow":["GET"]}}],"collection":[{"href":"https:\/\/munielchalpeten.gob.gt\/web\/wp-json\/wp\/v2\/posts"}],"about":[{"href":"https:\/\/munielchalpeten.gob.gt\/web\/wp-json\/wp\/v2\/types\/post"}],"author":[{"embeddable":true,"href":"https:\/\/munielchalpeten.gob.gt\/web\/wp-json\/wp\/v2\/users\/8"}],"replies":[{"embeddable":true,"href":"https:\/\/munielchalpeten.gob.gt\/web\/wp-json\/wp\/v2\/comments?post=55923"}],"version-history":[{"count":1,"href":"https:\/\/munielchalpeten.gob.gt\/web\/wp-json\/wp\/v2\/posts\/55923\/revisions"}],"predecessor-version":[{"id":55927,"href":"https:\/\/munielchalpeten.gob.gt\/web\/wp-json\/wp\/v2\/posts\/55923\/revisions\/55927"}],"wp:featuredmedia":[{"embeddable":true,"href":"https:\/\/munielchalpeten.gob.gt\/web\/wp-json\/wp\/v2\/media\/55924"}],"wp:attachment":[{"href":"https:\/\/munielchalpeten.gob.gt\/web\/wp-json\/wp\/v2\/media?parent=55923"}],"wp:term":[{"taxonomy":"category","embeddable":true,"href":"https:\/\/munielchalpeten.gob.gt\/web\/wp-json\/wp\/v2\/categories?post=55923"},{"taxonomy":"post_tag","embeddable":true,"href":"https:\/\/munielchalpeten.gob.gt\/web\/wp-json\/wp\/v2\/tags?post=55923"}],"curies":[{"name":"wp","href":"https:\/\/api.w.org\/{rel}","templated":true}]}}