{"id":55911,"date":"2025-01-13T17:13:20","date_gmt":"2025-01-13T17:13:20","guid":{"rendered":"https:\/\/munielchalpeten.gob.gt\/web\/?p=55911"},"modified":"2025-01-13T17:13:20","modified_gmt":"2025-01-13T17:13:20","slug":"ampliacion-de-la-escuela-primaria-en-caserio-la-amistad","status":"publish","type":"post","link":"https:\/\/munielchalpeten.gob.gt\/web\/2025\/01\/13\/ampliacion-de-la-escuela-primaria-en-caserio-la-amistad\/","title":{"rendered":"AMPLIACI\u00d3N DE LA ESCUELA PRIMARIA EN CASER\u00cdO LA AMISTAD"},"content":{"rendered":"\n<p>La Municipalidad de El Chal, bajo el liderazgo del Alcalde El\u00edas Calder\u00f3n \u00c1lvarez, avanza en la ampliaci\u00f3n de la escuela primaria en el Caser\u00edo La Amistad, con un 63.29% de avance. El proyecto incluye la construcci\u00f3n de un m\u00f3dulo de servicios sanitarios y 30 metros de muro perimetral, mejorando la seguridad y el ambiente educativo. La obra, que abarca 76.64 metros cuadrados, se realiza con mamposter\u00eda, concreto armado y una cubierta met\u00e1lica, utilizando fondos ordinarios del CODEDE para ofrecer instalaciones adecuadas para el desarrollo de los estudiantes.<\/p>\n\n\n\n<p>Construyamos juntos el municipio que queremos. Municipalidad de El Chal, Administraci\u00f3n 2024 &#8211; 2028.<\/p>\n\n\n\n<figure class=\"wp-block-gallery has-nested-images columns-default is-cropped wp-block-gallery-1 is-layout-flex wp-block-gallery-is-layout-flex\">\n<figure class=\"wp-block-image size-large\"><img decoding=\"async\" width=\"1024\" height=\"576\" data-id=\"55912\" data-src=\"https:\/\/munielchalpeten.gob.gt\/web\/wp-content\/uploads\/2025\/01\/470143789_893257493011505_4410059110062841588_n-1024x576.jpg\" alt=\"\" class=\"wp-image-55912 lazyload\" data-srcset=\"https:\/\/munielchalpeten.gob.gt\/web\/wp-content\/uploads\/2025\/01\/470143789_893257493011505_4410059110062841588_n-1024x576.jpg 1024w, https:\/\/munielchalpeten.gob.gt\/web\/wp-content\/uploads\/2025\/01\/470143789_893257493011505_4410059110062841588_n-300x169.jpg 300w, https:\/\/munielchalpeten.gob.gt\/web\/wp-content\/uploads\/2025\/01\/470143789_893257493011505_4410059110062841588_n-768x432.jpg 768w, https:\/\/munielchalpeten.gob.gt\/web\/wp-content\/uploads\/2025\/01\/470143789_893257493011505_4410059110062841588_n.jpg 1280w\" data-sizes=\"(max-width: 1024px) 100vw, 1024px\" src=\"data:image\/svg+xml;base64,PHN2ZyB3aWR0aD0iMSIgaGVpZ2h0PSIxIiB4bWxucz0iaHR0cDovL3d3dy53My5vcmcvMjAwMC9zdmciPjwvc3ZnPg==\" style=\"--smush-placeholder-width: 1024px; --smush-placeholder-aspect-ratio: 1024\/576;\" \/><\/figure>\n\n\n\n<figure class=\"wp-block-image size-large\"><img decoding=\"async\" width=\"1024\" height=\"768\" data-id=\"55913\" data-src=\"https:\/\/munielchalpeten.gob.gt\/web\/wp-content\/uploads\/2025\/01\/470149195_893257406344847_1664450375308083925_n-1024x768.jpg\" alt=\"\" class=\"wp-image-55913 lazyload\" data-srcset=\"https:\/\/munielchalpeten.gob.gt\/web\/wp-content\/uploads\/2025\/01\/470149195_893257406344847_1664450375308083925_n-1024x768.jpg 1024w, https:\/\/munielchalpeten.gob.gt\/web\/wp-content\/uploads\/2025\/01\/470149195_893257406344847_1664450375308083925_n-300x225.jpg 300w, https:\/\/munielchalpeten.gob.gt\/web\/wp-content\/uploads\/2025\/01\/470149195_893257406344847_1664450375308083925_n-768x576.jpg 768w, https:\/\/munielchalpeten.gob.gt\/web\/wp-content\/uploads\/2025\/01\/470149195_893257406344847_1664450375308083925_n-1536x1152.jpg 1536w, https:\/\/munielchalpeten.gob.gt\/web\/wp-content\/uploads\/2025\/01\/470149195_893257406344847_1664450375308083925_n.jpg 1600w\" data-sizes=\"(max-width: 1024px) 100vw, 1024px\" src=\"data:image\/svg+xml;base64,PHN2ZyB3aWR0aD0iMSIgaGVpZ2h0PSIxIiB4bWxucz0iaHR0cDovL3d3dy53My5vcmcvMjAwMC9zdmciPjwvc3ZnPg==\" style=\"--smush-placeholder-width: 1024px; --smush-placeholder-aspect-ratio: 1024\/768;\" \/><\/figure>\n<\/figure>\n\n\n\n<figure class=\"wp-block-gallery has-nested-images columns-default is-cropped wp-block-gallery-2 is-layout-flex wp-block-gallery-is-layout-flex\">\n<figure class=\"wp-block-image size-large\"><img decoding=\"async\" width=\"1024\" height=\"768\" data-id=\"55914\" data-src=\"https:\/\/munielchalpeten.gob.gt\/web\/wp-content\/uploads\/2025\/01\/470175248_893257429678178_4977216677146101833_n-1024x768.jpg\" alt=\"\" class=\"wp-image-55914 lazyload\" data-srcset=\"https:\/\/munielchalpeten.gob.gt\/web\/wp-content\/uploads\/2025\/01\/470175248_893257429678178_4977216677146101833_n-1024x768.jpg 1024w, https:\/\/munielchalpeten.gob.gt\/web\/wp-content\/uploads\/2025\/01\/470175248_893257429678178_4977216677146101833_n-300x225.jpg 300w, https:\/\/munielchalpeten.gob.gt\/web\/wp-content\/uploads\/2025\/01\/470175248_893257429678178_4977216677146101833_n-768x576.jpg 768w, https:\/\/munielchalpeten.gob.gt\/web\/wp-content\/uploads\/2025\/01\/470175248_893257429678178_4977216677146101833_n.jpg 1280w\" data-sizes=\"(max-width: 1024px) 100vw, 1024px\" src=\"data:image\/svg+xml;base64,PHN2ZyB3aWR0aD0iMSIgaGVpZ2h0PSIxIiB4bWxucz0iaHR0cDovL3d3dy53My5vcmcvMjAwMC9zdmciPjwvc3ZnPg==\" style=\"--smush-placeholder-width: 1024px; --smush-placeholder-aspect-ratio: 1024\/768;\" \/><\/figure>\n<\/figure>\n","protected":false},"excerpt":{"rendered":"<p>La Municipalidad de El Chal, bajo el liderazgo del Alcalde El\u00edas Calder\u00f3n \u00c1lvarez, avanza en la ampliaci\u00f3n de la escuela<\/p>\n","protected":false},"author":8,"featured_media":55913,"comment_status":"open","ping_status":"open","sticky":false,"template":"","format":"standard","meta":{"footnotes":""},"categories":[41],"tags":[],"class_list":["post-55911","post","type-post","status-publish","format-standard","has-post-thumbnail","hentry","category-proyectos"],"_links":{"self":[{"href":"https:\/\/munielchalpeten.gob.gt\/web\/wp-json\/wp\/v2\/posts\/55911","targetHints":{"allow":["GET"]}}],"collection":[{"href":"https:\/\/munielchalpeten.gob.gt\/web\/wp-json\/wp\/v2\/posts"}],"about":[{"href":"https:\/\/munielchalpeten.gob.gt\/web\/wp-json\/wp\/v2\/types\/post"}],"author":[{"embeddable":true,"href":"https:\/\/munielchalpeten.gob.gt\/web\/wp-json\/wp\/v2\/users\/8"}],"replies":[{"embeddable":true,"href":"https:\/\/munielchalpeten.gob.gt\/web\/wp-json\/wp\/v2\/comments?post=55911"}],"version-history":[{"count":1,"href":"https:\/\/munielchalpeten.gob.gt\/web\/wp-json\/wp\/v2\/posts\/55911\/revisions"}],"predecessor-version":[{"id":55915,"href":"https:\/\/munielchalpeten.gob.gt\/web\/wp-json\/wp\/v2\/posts\/55911\/revisions\/55915"}],"wp:featuredmedia":[{"embeddable":true,"href":"https:\/\/munielchalpeten.gob.gt\/web\/wp-json\/wp\/v2\/media\/55913"}],"wp:attachment":[{"href":"https:\/\/munielchalpeten.gob.gt\/web\/wp-json\/wp\/v2\/media?parent=55911"}],"wp:term":[{"taxonomy":"category","embeddable":true,"href":"https:\/\/munielchalpeten.gob.gt\/web\/wp-json\/wp\/v2\/categories?post=55911"},{"taxonomy":"post_tag","embeddable":true,"href":"https:\/\/munielchalpeten.gob.gt\/web\/wp-json\/wp\/v2\/tags?post=55911"}],"curies":[{"name":"wp","href":"https:\/\/api.w.org\/{rel}","templated":true}]}}