{"id":55721,"date":"2024-11-25T21:50:48","date_gmt":"2024-11-25T21:50:48","guid":{"rendered":"https:\/\/munielchalpeten.gob.gt\/web\/?p=55721"},"modified":"2024-11-25T21:50:49","modified_gmt":"2024-11-25T21:50:49","slug":"monitoreo-ciclotico","status":"publish","type":"post","link":"https:\/\/munielchalpeten.gob.gt\/web\/2024\/11\/25\/monitoreo-ciclotico\/","title":{"rendered":"MONITOREO CICLOTICO"},"content":{"rendered":"\n<p>La tormenta tropical Sara se ubica aproximadamente a 300 kil\u00f3metros al Este de Izabal. El sistema incrementar\u00e1 los nublados en el territorio nacional con lluvias intermitentes en la regi\u00f3n Norte, Franja Transversal del Norte, Caribe y Valles de Oriente.<\/p>\n\n\n\n<figure class=\"wp-block-gallery has-nested-images columns-default is-cropped wp-block-gallery-1 is-layout-flex wp-block-gallery-is-layout-flex\">\n<figure class=\"wp-block-image size-large\"><img decoding=\"async\" width=\"1024\" height=\"576\" data-id=\"55722\" data-src=\"https:\/\/munielchalpeten.gob.gt\/web\/wp-content\/uploads\/2024\/11\/467156595_874248491579072_566037334245175583_n-1024x576.jpg\" alt=\"\" class=\"wp-image-55722 lazyload\" data-srcset=\"https:\/\/munielchalpeten.gob.gt\/web\/wp-content\/uploads\/2024\/11\/467156595_874248491579072_566037334245175583_n-1024x576.jpg 1024w, https:\/\/munielchalpeten.gob.gt\/web\/wp-content\/uploads\/2024\/11\/467156595_874248491579072_566037334245175583_n-300x169.jpg 300w, https:\/\/munielchalpeten.gob.gt\/web\/wp-content\/uploads\/2024\/11\/467156595_874248491579072_566037334245175583_n-768x432.jpg 768w, https:\/\/munielchalpeten.gob.gt\/web\/wp-content\/uploads\/2024\/11\/467156595_874248491579072_566037334245175583_n.jpg 1080w\" data-sizes=\"(max-width: 1024px) 100vw, 1024px\" src=\"data:image\/svg+xml;base64,PHN2ZyB3aWR0aD0iMSIgaGVpZ2h0PSIxIiB4bWxucz0iaHR0cDovL3d3dy53My5vcmcvMjAwMC9zdmciPjwvc3ZnPg==\" style=\"--smush-placeholder-width: 1024px; --smush-placeholder-aspect-ratio: 1024\/576;\" \/><\/figure>\n<\/figure>\n","protected":false},"excerpt":{"rendered":"<p>La tormenta tropical Sara se ubica aproximadamente a 300 kil\u00f3metros al Este de Izabal. El sistema incrementar\u00e1 los nublados en<\/p>\n","protected":false},"author":8,"featured_media":55722,"comment_status":"open","ping_status":"open","sticky":false,"template":"","format":"standard","meta":{"footnotes":""},"categories":[6],"tags":[],"class_list":["post-55721","post","type-post","status-publish","format-standard","has-post-thumbnail","hentry","category-noticias"],"_links":{"self":[{"href":"https:\/\/munielchalpeten.gob.gt\/web\/wp-json\/wp\/v2\/posts\/55721","targetHints":{"allow":["GET"]}}],"collection":[{"href":"https:\/\/munielchalpeten.gob.gt\/web\/wp-json\/wp\/v2\/posts"}],"about":[{"href":"https:\/\/munielchalpeten.gob.gt\/web\/wp-json\/wp\/v2\/types\/post"}],"author":[{"embeddable":true,"href":"https:\/\/munielchalpeten.gob.gt\/web\/wp-json\/wp\/v2\/users\/8"}],"replies":[{"embeddable":true,"href":"https:\/\/munielchalpeten.gob.gt\/web\/wp-json\/wp\/v2\/comments?post=55721"}],"version-history":[{"count":1,"href":"https:\/\/munielchalpeten.gob.gt\/web\/wp-json\/wp\/v2\/posts\/55721\/revisions"}],"predecessor-version":[{"id":55723,"href":"https:\/\/munielchalpeten.gob.gt\/web\/wp-json\/wp\/v2\/posts\/55721\/revisions\/55723"}],"wp:featuredmedia":[{"embeddable":true,"href":"https:\/\/munielchalpeten.gob.gt\/web\/wp-json\/wp\/v2\/media\/55722"}],"wp:attachment":[{"href":"https:\/\/munielchalpeten.gob.gt\/web\/wp-json\/wp\/v2\/media?parent=55721"}],"wp:term":[{"taxonomy":"category","embeddable":true,"href":"https:\/\/munielchalpeten.gob.gt\/web\/wp-json\/wp\/v2\/categories?post=55721"},{"taxonomy":"post_tag","embeddable":true,"href":"https:\/\/munielchalpeten.gob.gt\/web\/wp-json\/wp\/v2\/tags?post=55721"}],"curies":[{"name":"wp","href":"https:\/\/api.w.org\/{rel}","templated":true}]}}