{"id":54533,"date":"2024-05-21T20:41:10","date_gmt":"2024-05-21T20:41:10","guid":{"rendered":"https:\/\/munielchalpeten.gob.gt\/web\/?p=54533"},"modified":"2024-05-21T20:41:10","modified_gmt":"2024-05-21T20:41:10","slug":"nota-de-duelo-16","status":"publish","type":"post","link":"https:\/\/munielchalpeten.gob.gt\/web\/2024\/05\/21\/nota-de-duelo-16\/","title":{"rendered":"Nota de Duelo"},"content":{"rendered":"\n<p>La Municipalidad de El Chal, Pet\u00e9n, El se\u00f1or Alcalde Municipal, El\u00edas Calder\u00f3n Alvarez, Honorable Concejo municipal 2024 &#8211; 2028. y Colaboradores Municipales.<\/p>\n\n\n\n<p>Lamentan mucho, el sensible fallecimiento de quien en vida fuera el distinguido vecino:<\/p>\n\n\n\n<p><a><\/a> \u00bb Marvin Gudiel Morales\u00bb<\/p>\n\n\n\n<p>Marvin, uno de los primeros bomberos voluntarios, graduados de nuestro municipio de El Chal, perdi\u00f3 la vida la madrugada de este martes tras sufrir una enfermedad en la Uni\u00f3n Americana.<\/p>\n\n\n\n<p>Enviamos nuestros m\u00e1s sentido p\u00e9same a su distinguida familia, que Dios les brinde consuelo y resignaci\u00f3n, para afrontar tan irreparable perdida.<\/p>\n\n\n\n<p>Que Dios lo reciba en sus brazos y descanse en paz,<\/p>\n\n\n\n<p>Marvin Gudiel Morales.<\/p>\n\n\n\n<figure class=\"wp-block-gallery has-nested-images columns-default is-cropped wp-block-gallery-1 is-layout-flex wp-block-gallery-is-layout-flex\">\n<figure class=\"wp-block-image size-large\"><img decoding=\"async\" width=\"724\" height=\"1024\" data-id=\"54534\" data-src=\"https:\/\/munielchalpeten.gob.gt\/web\/wp-content\/uploads\/2024\/05\/441958866_757832256554030_8658166770371085761_n-724x1024.jpg\" alt=\"\" class=\"wp-image-54534 lazyload\" data-srcset=\"https:\/\/munielchalpeten.gob.gt\/web\/wp-content\/uploads\/2024\/05\/441958866_757832256554030_8658166770371085761_n-724x1024.jpg 724w, https:\/\/munielchalpeten.gob.gt\/web\/wp-content\/uploads\/2024\/05\/441958866_757832256554030_8658166770371085761_n-212x300.jpg 212w, https:\/\/munielchalpeten.gob.gt\/web\/wp-content\/uploads\/2024\/05\/441958866_757832256554030_8658166770371085761_n-768x1086.jpg 768w, https:\/\/munielchalpeten.gob.gt\/web\/wp-content\/uploads\/2024\/05\/441958866_757832256554030_8658166770371085761_n-1086x1536.jpg 1086w, https:\/\/munielchalpeten.gob.gt\/web\/wp-content\/uploads\/2024\/05\/441958866_757832256554030_8658166770371085761_n-scaled.jpg 1357w\" data-sizes=\"(max-width: 724px) 100vw, 724px\" src=\"data:image\/svg+xml;base64,PHN2ZyB3aWR0aD0iMSIgaGVpZ2h0PSIxIiB4bWxucz0iaHR0cDovL3d3dy53My5vcmcvMjAwMC9zdmciPjwvc3ZnPg==\" style=\"--smush-placeholder-width: 724px; --smush-placeholder-aspect-ratio: 724\/1024;\" \/><\/figure>\n<\/figure>\n","protected":false},"excerpt":{"rendered":"<p>La Municipalidad de El Chal, Pet\u00e9n, El se\u00f1or Alcalde Municipal, El\u00edas Calder\u00f3n Alvarez, Honorable Concejo municipal 2024 &#8211; 2028. y<\/p>\n","protected":false},"author":8,"featured_media":54534,"comment_status":"open","ping_status":"open","sticky":false,"template":"","format":"standard","meta":{"footnotes":""},"categories":[6],"tags":[],"class_list":["post-54533","post","type-post","status-publish","format-standard","has-post-thumbnail","hentry","category-noticias"],"_links":{"self":[{"href":"https:\/\/munielchalpeten.gob.gt\/web\/wp-json\/wp\/v2\/posts\/54533","targetHints":{"allow":["GET"]}}],"collection":[{"href":"https:\/\/munielchalpeten.gob.gt\/web\/wp-json\/wp\/v2\/posts"}],"about":[{"href":"https:\/\/munielchalpeten.gob.gt\/web\/wp-json\/wp\/v2\/types\/post"}],"author":[{"embeddable":true,"href":"https:\/\/munielchalpeten.gob.gt\/web\/wp-json\/wp\/v2\/users\/8"}],"replies":[{"embeddable":true,"href":"https:\/\/munielchalpeten.gob.gt\/web\/wp-json\/wp\/v2\/comments?post=54533"}],"version-history":[{"count":1,"href":"https:\/\/munielchalpeten.gob.gt\/web\/wp-json\/wp\/v2\/posts\/54533\/revisions"}],"predecessor-version":[{"id":54535,"href":"https:\/\/munielchalpeten.gob.gt\/web\/wp-json\/wp\/v2\/posts\/54533\/revisions\/54535"}],"wp:featuredmedia":[{"embeddable":true,"href":"https:\/\/munielchalpeten.gob.gt\/web\/wp-json\/wp\/v2\/media\/54534"}],"wp:attachment":[{"href":"https:\/\/munielchalpeten.gob.gt\/web\/wp-json\/wp\/v2\/media?parent=54533"}],"wp:term":[{"taxonomy":"category","embeddable":true,"href":"https:\/\/munielchalpeten.gob.gt\/web\/wp-json\/wp\/v2\/categories?post=54533"},{"taxonomy":"post_tag","embeddable":true,"href":"https:\/\/munielchalpeten.gob.gt\/web\/wp-json\/wp\/v2\/tags?post=54533"}],"curies":[{"name":"wp","href":"https:\/\/api.w.org\/{rel}","templated":true}]}}