{"id":54448,"date":"2024-05-08T21:20:42","date_gmt":"2024-05-08T21:20:42","guid":{"rendered":"https:\/\/munielchalpeten.gob.gt\/web\/?p=54448"},"modified":"2024-05-08T21:20:43","modified_gmt":"2024-05-08T21:20:43","slug":"dia-del-bombero-forestal","status":"publish","type":"post","link":"https:\/\/munielchalpeten.gob.gt\/web\/2024\/05\/08\/dia-del-bombero-forestal\/","title":{"rendered":"DIA DEL BOMBERO FORESTAL"},"content":{"rendered":"\n<p>En este d\u00eda especial, el Alcalde Municipal, Elias Calder\u00f3n Alvarez, expresa un sincero agradecimiento a los valientes bomberos forestales que sirven con dedicaci\u00f3n en El Chal. Reconoce la vital importancia de su trabajo para proteger las tierras y comunidades locales. Felicita a estos h\u00e9roes por su valent\u00eda y compromiso en enfrentar los desaf\u00edos de los incendios forestales, y asegura que su esfuerzo y sacrificio son fundamentales para la seguridad y el bienestar de la comunidad<\/p>\n\n\n\n<figure class=\"wp-block-gallery has-nested-images columns-default is-cropped wp-block-gallery-1 is-layout-flex wp-block-gallery-is-layout-flex\">\n<figure class=\"wp-block-image size-large\"><img decoding=\"async\" width=\"610\" height=\"609\" data-id=\"54449\" data-src=\"https:\/\/munielchalpeten.gob.gt\/web\/wp-content\/uploads\/2024\/05\/440321021_747167874287135_8826573382667888810_n.jpg\" alt=\"\" class=\"wp-image-54449 lazyload\" data-srcset=\"https:\/\/munielchalpeten.gob.gt\/web\/wp-content\/uploads\/2024\/05\/440321021_747167874287135_8826573382667888810_n.jpg 610w, https:\/\/munielchalpeten.gob.gt\/web\/wp-content\/uploads\/2024\/05\/440321021_747167874287135_8826573382667888810_n-300x300.jpg 300w, https:\/\/munielchalpeten.gob.gt\/web\/wp-content\/uploads\/2024\/05\/440321021_747167874287135_8826573382667888810_n-150x150.jpg 150w\" data-sizes=\"(max-width: 610px) 100vw, 610px\" src=\"data:image\/svg+xml;base64,PHN2ZyB3aWR0aD0iMSIgaGVpZ2h0PSIxIiB4bWxucz0iaHR0cDovL3d3dy53My5vcmcvMjAwMC9zdmciPjwvc3ZnPg==\" style=\"--smush-placeholder-width: 610px; --smush-placeholder-aspect-ratio: 610\/609;\" \/><\/figure>\n<\/figure>\n","protected":false},"excerpt":{"rendered":"<p>En este d\u00eda especial, el Alcalde Municipal, Elias Calder\u00f3n Alvarez, expresa un sincero agradecimiento a los valientes bomberos forestales que<\/p>\n","protected":false},"author":8,"featured_media":54449,"comment_status":"open","ping_status":"open","sticky":false,"template":"","format":"standard","meta":{"footnotes":""},"categories":[6],"tags":[],"class_list":["post-54448","post","type-post","status-publish","format-standard","has-post-thumbnail","hentry","category-noticias"],"_links":{"self":[{"href":"https:\/\/munielchalpeten.gob.gt\/web\/wp-json\/wp\/v2\/posts\/54448","targetHints":{"allow":["GET"]}}],"collection":[{"href":"https:\/\/munielchalpeten.gob.gt\/web\/wp-json\/wp\/v2\/posts"}],"about":[{"href":"https:\/\/munielchalpeten.gob.gt\/web\/wp-json\/wp\/v2\/types\/post"}],"author":[{"embeddable":true,"href":"https:\/\/munielchalpeten.gob.gt\/web\/wp-json\/wp\/v2\/users\/8"}],"replies":[{"embeddable":true,"href":"https:\/\/munielchalpeten.gob.gt\/web\/wp-json\/wp\/v2\/comments?post=54448"}],"version-history":[{"count":1,"href":"https:\/\/munielchalpeten.gob.gt\/web\/wp-json\/wp\/v2\/posts\/54448\/revisions"}],"predecessor-version":[{"id":54450,"href":"https:\/\/munielchalpeten.gob.gt\/web\/wp-json\/wp\/v2\/posts\/54448\/revisions\/54450"}],"wp:featuredmedia":[{"embeddable":true,"href":"https:\/\/munielchalpeten.gob.gt\/web\/wp-json\/wp\/v2\/media\/54449"}],"wp:attachment":[{"href":"https:\/\/munielchalpeten.gob.gt\/web\/wp-json\/wp\/v2\/media?parent=54448"}],"wp:term":[{"taxonomy":"category","embeddable":true,"href":"https:\/\/munielchalpeten.gob.gt\/web\/wp-json\/wp\/v2\/categories?post=54448"},{"taxonomy":"post_tag","embeddable":true,"href":"https:\/\/munielchalpeten.gob.gt\/web\/wp-json\/wp\/v2\/tags?post=54448"}],"curies":[{"name":"wp","href":"https:\/\/api.w.org\/{rel}","templated":true}]}}