{"id":54434,"date":"2024-05-08T20:49:11","date_gmt":"2024-05-08T20:49:11","guid":{"rendered":"https:\/\/munielchalpeten.gob.gt\/web\/?p=54434"},"modified":"2024-05-08T20:49:11","modified_gmt":"2024-05-08T20:49:11","slug":"feliz-dia-del-albanil","status":"publish","type":"post","link":"https:\/\/munielchalpeten.gob.gt\/web\/2024\/05\/08\/feliz-dia-del-albanil\/","title":{"rendered":"\u00a1Feliz D\u00eda del Alba\u00f1il!"},"content":{"rendered":"\n<p>3 de mayo, es un d\u00eda muy especial para reconocer y celebrar la incansable labor de todos los alba\u00f1iles que d\u00eda con d\u00eda construyen el futuro de nuestra comunidad. Su dedicaci\u00f3n, esfuerzo y maestr\u00eda son fundamentales para el crecimiento y desarrollo de nuestro municipio.<\/p>\n\n\n\n<p>El se\u00f1or Alcalde Municipal, Elias Calder\u00f3n Alvarez, extiende una felicitaci\u00f3n muy especial a estos grandes art\u00edfices de la construcci\u00f3n. Gracias por su trabajo duro y su <a><\/a>compromiso con la excelencia.<\/p>\n\n\n\n<p>\u00a1Sigamos construyendo juntos el Municipio que queremos !<\/p>\n\n\n\n<p><a href=\"https:\/\/www.facebook.com\/photo\/?fbid=746486321021957&amp;set=a.393366616333931&amp;__cft__[0]=AZUid9f8yP1-r82qa4MH_cJKxzFT12UyaClQE4kFKG2xkxsRM2uTT5jdX9xTsA1wDODzY3KeXu4-tFjligHB4lK9IsEe97y7p0K3FTlUZOWqUjkqHjZZgTVoeu6kjmKeV07TaNhXlFB_Kpw1pfQSpnJdGSYrWf142K4ce2DBM9pYAOy1fNLy8VgIBVldT4dpha71QghAjlJh0lam6qyaX8SZ&amp;__tn__=EH-R\"><\/a><\/p>\n\n\n\n<figure class=\"wp-block-image\"><a href=\"https:\/\/www.facebook.com\/photo\/?fbid=746486321021957&amp;set=a.393366616333931&amp;__cft__[0]=AZUid9f8yP1-r82qa4MH_cJKxzFT12UyaClQE4kFKG2xkxsRM2uTT5jdX9xTsA1wDODzY3KeXu4-tFjligHB4lK9IsEe97y7p0K3FTlUZOWqUjkqHjZZgTVoeu6kjmKeV07TaNhXlFB_Kpw1pfQSpnJdGSYrWf142K4ce2DBM9pYAOy1fNLy8VgIBVldT4dpha71QghAjlJh0lam6qyaX8SZ&amp;__tn__=EH-R\"><img decoding=\"async\" data-src=\"https:\/\/scontent.fgua9-1.fna.fbcdn.net\/v\/t39.30808-6\/440746714_746486387688617_4599001784001258238_n.jpg?stp=dst-jpg_s600x600&amp;_nc_cat=101&amp;ccb=1-7&amp;_nc_sid=5f2048&amp;_nc_ohc=ZvBMMHrjLEEQ7kNvgG5reeQ&amp;_nc_ht=scontent.fgua9-1.fna&amp;oh=00_AfAz3YvUdCMMDLaeexeW_6lUrarzhhgmpmWjpywCQfi46w&amp;oe=664192B9\" alt=\"Puede ser una imagen de una persona y texto que dice &quot;3 DE MAYO Muni El Chal FELIZ D\u00cdA DEL ALBA\u00d1IL&quot;\" src=\"data:image\/svg+xml;base64,PHN2ZyB3aWR0aD0iMSIgaGVpZ2h0PSIxIiB4bWxucz0iaHR0cDovL3d3dy53My5vcmcvMjAwMC9zdmciPjwvc3ZnPg==\" class=\"lazyload\" \/><\/a><\/figure>\n\n\n","protected":false},"excerpt":{"rendered":"<p>3 de mayo, es un d\u00eda muy especial para reconocer y celebrar la incansable labor de todos los alba\u00f1iles que<\/p>\n","protected":false},"author":8,"featured_media":54435,"comment_status":"open","ping_status":"open","sticky":false,"template":"","format":"standard","meta":{"footnotes":""},"categories":[6],"tags":[],"class_list":["post-54434","post","type-post","status-publish","format-standard","has-post-thumbnail","hentry","category-noticias"],"_links":{"self":[{"href":"https:\/\/munielchalpeten.gob.gt\/web\/wp-json\/wp\/v2\/posts\/54434","targetHints":{"allow":["GET"]}}],"collection":[{"href":"https:\/\/munielchalpeten.gob.gt\/web\/wp-json\/wp\/v2\/posts"}],"about":[{"href":"https:\/\/munielchalpeten.gob.gt\/web\/wp-json\/wp\/v2\/types\/post"}],"author":[{"embeddable":true,"href":"https:\/\/munielchalpeten.gob.gt\/web\/wp-json\/wp\/v2\/users\/8"}],"replies":[{"embeddable":true,"href":"https:\/\/munielchalpeten.gob.gt\/web\/wp-json\/wp\/v2\/comments?post=54434"}],"version-history":[{"count":1,"href":"https:\/\/munielchalpeten.gob.gt\/web\/wp-json\/wp\/v2\/posts\/54434\/revisions"}],"predecessor-version":[{"id":54436,"href":"https:\/\/munielchalpeten.gob.gt\/web\/wp-json\/wp\/v2\/posts\/54434\/revisions\/54436"}],"wp:featuredmedia":[{"embeddable":true,"href":"https:\/\/munielchalpeten.gob.gt\/web\/wp-json\/wp\/v2\/media\/54435"}],"wp:attachment":[{"href":"https:\/\/munielchalpeten.gob.gt\/web\/wp-json\/wp\/v2\/media?parent=54434"}],"wp:term":[{"taxonomy":"category","embeddable":true,"href":"https:\/\/munielchalpeten.gob.gt\/web\/wp-json\/wp\/v2\/categories?post=54434"},{"taxonomy":"post_tag","embeddable":true,"href":"https:\/\/munielchalpeten.gob.gt\/web\/wp-json\/wp\/v2\/tags?post=54434"}],"curies":[{"name":"wp","href":"https:\/\/api.w.org\/{rel}","templated":true}]}}