{"id":54421,"date":"2024-05-08T20:25:23","date_gmt":"2024-05-08T20:25:23","guid":{"rendered":"https:\/\/munielchalpeten.gob.gt\/web\/?p=54421"},"modified":"2024-05-08T20:25:24","modified_gmt":"2024-05-08T20:25:24","slug":"dia-del-trabajador","status":"publish","type":"post","link":"https:\/\/munielchalpeten.gob.gt\/web\/2024\/05\/08\/dia-del-trabajador\/","title":{"rendered":"DIA DEL TRABAJADOR"},"content":{"rendered":"\n<p>En el D\u00eda del Trabajador, Elias Calder\u00f3n Alvarez, Alcalde Municipal, expresa su gratitud y saludo a todos los trabajadores por su esfuerzo en la construcci\u00f3n del futuro de la comunidad. Reconoce la labor fundamental que realizan y agradece el compromiso y perseverancia demostrados. Les desea un feliz d\u00eda, invit\u00e1ndolos a celebrar y reflexionar sobre la importancia de cada profesi\u00f3n y oficio. Finaliza reafirmando el compromiso conjunto por el desarrollo del municipio.<\/p>\n\n\n\n<p>Elias Calder\u00f3n Alvarez Alcalde Municipal<\/p>\n\n\n\n<figure class=\"wp-block-gallery has-nested-images columns-default is-cropped wp-block-gallery-1 is-layout-flex wp-block-gallery-is-layout-flex\">\n<figure class=\"wp-block-image size-large\"><img decoding=\"async\" width=\"1024\" height=\"1024\" data-id=\"54422\" data-src=\"https:\/\/munielchalpeten.gob.gt\/web\/wp-content\/uploads\/2024\/05\/438887548_745208101149779_44250736096869491_n-1024x1024.jpg\" alt=\"\" class=\"wp-image-54422 lazyload\" data-srcset=\"https:\/\/munielchalpeten.gob.gt\/web\/wp-content\/uploads\/2024\/05\/438887548_745208101149779_44250736096869491_n-1024x1024.jpg 1024w, https:\/\/munielchalpeten.gob.gt\/web\/wp-content\/uploads\/2024\/05\/438887548_745208101149779_44250736096869491_n-300x300.jpg 300w, https:\/\/munielchalpeten.gob.gt\/web\/wp-content\/uploads\/2024\/05\/438887548_745208101149779_44250736096869491_n-150x150.jpg 150w, https:\/\/munielchalpeten.gob.gt\/web\/wp-content\/uploads\/2024\/05\/438887548_745208101149779_44250736096869491_n-768x769.jpg 768w, https:\/\/munielchalpeten.gob.gt\/web\/wp-content\/uploads\/2024\/05\/438887548_745208101149779_44250736096869491_n-1534x1536.jpg 1534w, https:\/\/munielchalpeten.gob.gt\/web\/wp-content\/uploads\/2024\/05\/438887548_745208101149779_44250736096869491_n-scaled.jpg 1079w\" data-sizes=\"(max-width: 1024px) 100vw, 1024px\" src=\"data:image\/svg+xml;base64,PHN2ZyB3aWR0aD0iMSIgaGVpZ2h0PSIxIiB4bWxucz0iaHR0cDovL3d3dy53My5vcmcvMjAwMC9zdmciPjwvc3ZnPg==\" style=\"--smush-placeholder-width: 1024px; --smush-placeholder-aspect-ratio: 1024\/1024;\" \/><\/figure>\n<\/figure>\n","protected":false},"excerpt":{"rendered":"<p>En el D\u00eda del Trabajador, Elias Calder\u00f3n Alvarez, Alcalde Municipal, expresa su gratitud y saludo a todos los trabajadores por<\/p>\n","protected":false},"author":8,"featured_media":54422,"comment_status":"open","ping_status":"open","sticky":false,"template":"","format":"standard","meta":{"footnotes":""},"categories":[6],"tags":[],"class_list":["post-54421","post","type-post","status-publish","format-standard","has-post-thumbnail","hentry","category-noticias"],"_links":{"self":[{"href":"https:\/\/munielchalpeten.gob.gt\/web\/wp-json\/wp\/v2\/posts\/54421","targetHints":{"allow":["GET"]}}],"collection":[{"href":"https:\/\/munielchalpeten.gob.gt\/web\/wp-json\/wp\/v2\/posts"}],"about":[{"href":"https:\/\/munielchalpeten.gob.gt\/web\/wp-json\/wp\/v2\/types\/post"}],"author":[{"embeddable":true,"href":"https:\/\/munielchalpeten.gob.gt\/web\/wp-json\/wp\/v2\/users\/8"}],"replies":[{"embeddable":true,"href":"https:\/\/munielchalpeten.gob.gt\/web\/wp-json\/wp\/v2\/comments?post=54421"}],"version-history":[{"count":1,"href":"https:\/\/munielchalpeten.gob.gt\/web\/wp-json\/wp\/v2\/posts\/54421\/revisions"}],"predecessor-version":[{"id":54423,"href":"https:\/\/munielchalpeten.gob.gt\/web\/wp-json\/wp\/v2\/posts\/54421\/revisions\/54423"}],"wp:featuredmedia":[{"embeddable":true,"href":"https:\/\/munielchalpeten.gob.gt\/web\/wp-json\/wp\/v2\/media\/54422"}],"wp:attachment":[{"href":"https:\/\/munielchalpeten.gob.gt\/web\/wp-json\/wp\/v2\/media?parent=54421"}],"wp:term":[{"taxonomy":"category","embeddable":true,"href":"https:\/\/munielchalpeten.gob.gt\/web\/wp-json\/wp\/v2\/categories?post=54421"},{"taxonomy":"post_tag","embeddable":true,"href":"https:\/\/munielchalpeten.gob.gt\/web\/wp-json\/wp\/v2\/tags?post=54421"}],"curies":[{"name":"wp","href":"https:\/\/api.w.org\/{rel}","templated":true}]}}