{"id":54151,"date":"2024-03-12T17:42:17","date_gmt":"2024-03-12T17:42:17","guid":{"rendered":"https:\/\/munielchalpeten.gob.gt\/web\/?p=54151"},"modified":"2024-03-12T17:42:19","modified_gmt":"2024-03-12T17:42:19","slug":"seno-mari","status":"publish","type":"post","link":"https:\/\/munielchalpeten.gob.gt\/web\/2024\/03\/12\/seno-mari\/","title":{"rendered":"SE\u00d1O MARI"},"content":{"rendered":"\n<p>El se\u00f1or Alcalde Municipal, El\u00edas Calder\u00f3n \u00c1lvarez, y su esposa, la primera dama municipal, Rosa Amelia Castillo, viajaron a la ciudad capital para acompa\u00f1ar a la representante de la mujer municipal, Mar\u00eda Teodora Sales, conocida como \u00abSe\u00f1o Mari\u00bb, quien fue condecorada con la medalla \u00abJuli\u00e1n Urrutia\u00bb por el Ministerio de Trabajo y Prevenci\u00f3n Social y la Oficina Nacional de la Mujer. Se\u00f1o Mari fue reconocida por su destacada labor a favor de las mujeres en El Chal, en colaboraci\u00f3n con la Direcci\u00f3n Municipal de la Mujer (DMM).<\/p>\n\n\n\n<p>El Alcalde Municipal ha reafirmado su compromiso inquebrantable con el empoderamiento y desarrollo integral de la mujer en el municipio, reconociendo la importancia de la equidad de g\u00e9nero y la participaci\u00f3n activa de las mujeres en todos los \u00e1mbitos de la sociedad. Ha implementado pol\u00edticas y programas concretos para promover el avance y la inclusi\u00f3n de las mujeres, incluyendo la creaci\u00f3n de espacios seguros y propicios para su crecimiento personal y profesional.<\/p>\n\n\n\n<p>Estas iniciativas incluyen programas de capacitaci\u00f3n, acceso a recursos econ\u00f3micos y apoyo para emprendimientos liderados por mujeres, as\u00ed como la promoci\u00f3n de la educaci\u00f3n y la salud integral de las mujeres y ni\u00f1as en la comunidad. El se\u00f1or Alcalde Calder\u00f3n \u00c1lvarez reafirma su compromiso de trabajar incansablemente por el empoderamiento y desarrollo integral de todas las mujeres en la comunidad, con el objetivo de construir un futuro m\u00e1s equitativo y pr\u00f3spero para todos.<\/p>\n\n\n\n<p>Construyamos juntos el Municipio que queremos, Municipalidad de El Chal, Administraci\u00f3n 2024 &#8211; 2028.<\/p>\n\n\n\n<figure class=\"wp-block-gallery has-nested-images columns-default is-cropped wp-block-gallery-1 is-layout-flex wp-block-gallery-is-layout-flex\">\n<figure class=\"wp-block-image size-large\"><img decoding=\"async\" width=\"1024\" height=\"728\" data-id=\"54152\" data-src=\"https:\/\/munielchalpeten.gob.gt\/web\/wp-content\/uploads\/2024\/03\/417503931_705174731819783_7057658446128572673_n-1024x728.jpg\" alt=\"\" class=\"wp-image-54152 lazyload\" data-srcset=\"https:\/\/munielchalpeten.gob.gt\/web\/wp-content\/uploads\/2024\/03\/417503931_705174731819783_7057658446128572673_n-1024x728.jpg 1024w, https:\/\/munielchalpeten.gob.gt\/web\/wp-content\/uploads\/2024\/03\/417503931_705174731819783_7057658446128572673_n-300x213.jpg 300w, https:\/\/munielchalpeten.gob.gt\/web\/wp-content\/uploads\/2024\/03\/417503931_705174731819783_7057658446128572673_n-768x546.jpg 768w, https:\/\/munielchalpeten.gob.gt\/web\/wp-content\/uploads\/2024\/03\/417503931_705174731819783_7057658446128572673_n-1536x1091.jpg 1536w, https:\/\/munielchalpeten.gob.gt\/web\/wp-content\/uploads\/2024\/03\/417503931_705174731819783_7057658446128572673_n-scaled.jpg 1520w\" data-sizes=\"(max-width: 1024px) 100vw, 1024px\" src=\"data:image\/svg+xml;base64,PHN2ZyB3aWR0aD0iMSIgaGVpZ2h0PSIxIiB4bWxucz0iaHR0cDovL3d3dy53My5vcmcvMjAwMC9zdmciPjwvc3ZnPg==\" style=\"--smush-placeholder-width: 1024px; --smush-placeholder-aspect-ratio: 1024\/728;\" \/><\/figure>\n<\/figure>\n","protected":false},"excerpt":{"rendered":"<p>El se\u00f1or Alcalde Municipal, El\u00edas Calder\u00f3n \u00c1lvarez, y su esposa, la primera dama municipal, Rosa Amelia Castillo, viajaron a la<\/p>\n","protected":false},"author":8,"featured_media":54152,"comment_status":"open","ping_status":"open","sticky":false,"template":"","format":"standard","meta":{"footnotes":""},"categories":[6],"tags":[],"class_list":["post-54151","post","type-post","status-publish","format-standard","has-post-thumbnail","hentry","category-noticias"],"_links":{"self":[{"href":"https:\/\/munielchalpeten.gob.gt\/web\/wp-json\/wp\/v2\/posts\/54151","targetHints":{"allow":["GET"]}}],"collection":[{"href":"https:\/\/munielchalpeten.gob.gt\/web\/wp-json\/wp\/v2\/posts"}],"about":[{"href":"https:\/\/munielchalpeten.gob.gt\/web\/wp-json\/wp\/v2\/types\/post"}],"author":[{"embeddable":true,"href":"https:\/\/munielchalpeten.gob.gt\/web\/wp-json\/wp\/v2\/users\/8"}],"replies":[{"embeddable":true,"href":"https:\/\/munielchalpeten.gob.gt\/web\/wp-json\/wp\/v2\/comments?post=54151"}],"version-history":[{"count":1,"href":"https:\/\/munielchalpeten.gob.gt\/web\/wp-json\/wp\/v2\/posts\/54151\/revisions"}],"predecessor-version":[{"id":54153,"href":"https:\/\/munielchalpeten.gob.gt\/web\/wp-json\/wp\/v2\/posts\/54151\/revisions\/54153"}],"wp:featuredmedia":[{"embeddable":true,"href":"https:\/\/munielchalpeten.gob.gt\/web\/wp-json\/wp\/v2\/media\/54152"}],"wp:attachment":[{"href":"https:\/\/munielchalpeten.gob.gt\/web\/wp-json\/wp\/v2\/media?parent=54151"}],"wp:term":[{"taxonomy":"category","embeddable":true,"href":"https:\/\/munielchalpeten.gob.gt\/web\/wp-json\/wp\/v2\/categories?post=54151"},{"taxonomy":"post_tag","embeddable":true,"href":"https:\/\/munielchalpeten.gob.gt\/web\/wp-json\/wp\/v2\/tags?post=54151"}],"curies":[{"name":"wp","href":"https:\/\/api.w.org\/{rel}","templated":true}]}}