{"id":53984,"date":"2024-01-22T20:24:16","date_gmt":"2024-01-22T20:24:16","guid":{"rendered":"https:\/\/munielchalpeten.gob.gt\/web\/?p=53984"},"modified":"2024-01-22T20:24:17","modified_gmt":"2024-01-22T20:24:17","slug":"nota-de-duelo-14","status":"publish","type":"post","link":"https:\/\/munielchalpeten.gob.gt\/web\/2024\/01\/22\/nota-de-duelo-14\/","title":{"rendered":"NOTA DE DUELO"},"content":{"rendered":"\n<p>El d\u00eda de hoy viernes 19 de enero, iniciamos este a\u00f1o 2024. Con una lamentable perdida, nos toca decirle adi\u00f3s a un gran ser humano, que dedic\u00f3 su vida entera a guiar y educar a nuestros ni\u00f1os, ni\u00f1as y j\u00f3venes de El Chal, un hombre que siempre estuvo comprometido en buscar el desarrollo educativo de este bello pueblo.<\/p>\n\n\n\n<p>C\u00f3mo olvidar esas madrugadas de ma\u00f1anitas a las madres, aquellos mensajes de fervor y patriotismo a la patria el 15 de septiembre, los bellos mensajes al <a><\/a>pueblo en los desfiles aleg\u00f3ricos, los elaborados discursos en las actividades culturales, pero sobre todo no podremos olvidar la humildad, la vocaci\u00f3n y pasiencia por ense\u00f1arle al pr\u00f3jimo.<\/p>\n\n\n\n<p>Yo, Elias Calder\u00f3n Alvarez, c\u00f3mo Alcalde Municipal de El Chal, env\u00edo mi m\u00e1s sentido p\u00e9same a la distinguida y apreciable familia de nuestro ilustre y muy querido Profesor Trin, que sin duda alguna ha dejado un gran legado al servicio educativo del pueblo, el cual se ve reflejado en la gran cantidad de profesionales que tuvieron el honor y la dicha de ser educados por el.<\/p>\n\n\n\n<p>Que Dios le conceda el descanso eterno a mi gran amigo, Profesor Trin.<\/p>\n\n\n\n<figure class=\"wp-block-gallery has-nested-images columns-default is-cropped wp-block-gallery-1 is-layout-flex wp-block-gallery-is-layout-flex\">\n<figure class=\"wp-block-image size-large\"><img decoding=\"async\" width=\"1024\" height=\"726\" data-id=\"53985\" data-src=\"https:\/\/munielchalpeten.gob.gt\/web\/wp-content\/uploads\/2024\/01\/417549543_685059167164673_8475144538210530545_n-1024x726.jpg\" alt=\"\" class=\"wp-image-53985 lazyload\" data-srcset=\"https:\/\/munielchalpeten.gob.gt\/web\/wp-content\/uploads\/2024\/01\/417549543_685059167164673_8475144538210530545_n-1024x726.jpg 1024w, https:\/\/munielchalpeten.gob.gt\/web\/wp-content\/uploads\/2024\/01\/417549543_685059167164673_8475144538210530545_n-300x213.jpg 300w, https:\/\/munielchalpeten.gob.gt\/web\/wp-content\/uploads\/2024\/01\/417549543_685059167164673_8475144538210530545_n-768x545.jpg 768w, https:\/\/munielchalpeten.gob.gt\/web\/wp-content\/uploads\/2024\/01\/417549543_685059167164673_8475144538210530545_n-1536x1090.jpg 1536w, https:\/\/munielchalpeten.gob.gt\/web\/wp-content\/uploads\/2024\/01\/417549543_685059167164673_8475144538210530545_n.jpg 1522w\" data-sizes=\"(max-width: 1024px) 100vw, 1024px\" src=\"data:image\/svg+xml;base64,PHN2ZyB3aWR0aD0iMSIgaGVpZ2h0PSIxIiB4bWxucz0iaHR0cDovL3d3dy53My5vcmcvMjAwMC9zdmciPjwvc3ZnPg==\" style=\"--smush-placeholder-width: 1024px; --smush-placeholder-aspect-ratio: 1024\/726;\" \/><\/figure>\n<\/figure>\n","protected":false},"excerpt":{"rendered":"<p>El d\u00eda de hoy viernes 19 de enero, iniciamos este a\u00f1o 2024. Con una lamentable perdida, nos toca decirle adi\u00f3s<\/p>\n","protected":false},"author":8,"featured_media":53985,"comment_status":"open","ping_status":"open","sticky":false,"template":"","format":"standard","meta":{"footnotes":""},"categories":[6],"tags":[],"class_list":["post-53984","post","type-post","status-publish","format-standard","has-post-thumbnail","hentry","category-noticias"],"_links":{"self":[{"href":"https:\/\/munielchalpeten.gob.gt\/web\/wp-json\/wp\/v2\/posts\/53984","targetHints":{"allow":["GET"]}}],"collection":[{"href":"https:\/\/munielchalpeten.gob.gt\/web\/wp-json\/wp\/v2\/posts"}],"about":[{"href":"https:\/\/munielchalpeten.gob.gt\/web\/wp-json\/wp\/v2\/types\/post"}],"author":[{"embeddable":true,"href":"https:\/\/munielchalpeten.gob.gt\/web\/wp-json\/wp\/v2\/users\/8"}],"replies":[{"embeddable":true,"href":"https:\/\/munielchalpeten.gob.gt\/web\/wp-json\/wp\/v2\/comments?post=53984"}],"version-history":[{"count":1,"href":"https:\/\/munielchalpeten.gob.gt\/web\/wp-json\/wp\/v2\/posts\/53984\/revisions"}],"predecessor-version":[{"id":53986,"href":"https:\/\/munielchalpeten.gob.gt\/web\/wp-json\/wp\/v2\/posts\/53984\/revisions\/53986"}],"wp:featuredmedia":[{"embeddable":true,"href":"https:\/\/munielchalpeten.gob.gt\/web\/wp-json\/wp\/v2\/media\/53985"}],"wp:attachment":[{"href":"https:\/\/munielchalpeten.gob.gt\/web\/wp-json\/wp\/v2\/media?parent=53984"}],"wp:term":[{"taxonomy":"category","embeddable":true,"href":"https:\/\/munielchalpeten.gob.gt\/web\/wp-json\/wp\/v2\/categories?post=53984"},{"taxonomy":"post_tag","embeddable":true,"href":"https:\/\/munielchalpeten.gob.gt\/web\/wp-json\/wp\/v2\/tags?post=53984"}],"curies":[{"name":"wp","href":"https:\/\/api.w.org\/{rel}","templated":true}]}}