{"id":53897,"date":"2023-12-19T15:36:16","date_gmt":"2023-12-19T15:36:16","guid":{"rendered":"https:\/\/munielchalpeten.gob.gt\/web\/?p=53897"},"modified":"2023-12-19T15:36:17","modified_gmt":"2023-12-19T15:36:17","slug":"53897","status":"publish","type":"post","link":"https:\/\/munielchalpeten.gob.gt\/web\/2023\/12\/19\/53897\/","title":{"rendered":""},"content":{"rendered":"\n<p>La Municipalidad de El Chal, Pet\u00e9n, Administraci\u00f3n 2020 &#8211; 2024. El se\u00f1or Alcalde Municipal, Elias Calder\u00f3n Alvarez, Honorable Concejo Municipal y Colaboradores Municipales.<\/p>\n\n\n\n<p>Lamentan mucho el sensible fallecimiento de quien en vida fuera el distinguido se\u00f1or:<\/p>\n\n\n\n<p> Humberto Leonardo <\/p>\n\n\n\n<p>El se\u00f1or Humberto cari\u00f1osamente conocido como \u00abTico\u00bb de constructora Leonardo, parti\u00f3 a los brazos de nuestro se\u00f1or Jesucristo, el d\u00eda de hoy lunes 18<\/p>\n\n\n\n<p>de Diciembre.<\/p>\n\n\n\n<p>Por est\u00e9 medio, enviamos nuestro m\u00e1s sentido p\u00e9same a su apreciable y distinguida familia, los acompa\u00f1amos en su dolor y le pedimos a Dios que les brinde consuelo y resignaci\u00f3n para afrontar la tan irreparable perdida de este ser tan querido y amado.<\/p>\n\n\n\n<p>Descanse en Paz, Humberto Leonardo <\/p>\n\n\n\n<figure class=\"wp-block-gallery has-nested-images columns-default is-cropped wp-block-gallery-1 is-layout-flex wp-block-gallery-is-layout-flex\">\n<figure class=\"wp-block-image size-large\"><img decoding=\"async\" width=\"724\" height=\"1024\" data-id=\"53898\" data-src=\"https:\/\/munielchalpeten.gob.gt\/web\/wp-content\/uploads\/2023\/12\/411474071_666315362372387_3515085608526646198_n-724x1024.jpg\" alt=\"\" class=\"wp-image-53898 lazyload\" data-srcset=\"https:\/\/munielchalpeten.gob.gt\/web\/wp-content\/uploads\/2023\/12\/411474071_666315362372387_3515085608526646198_n-724x1024.jpg 724w, https:\/\/munielchalpeten.gob.gt\/web\/wp-content\/uploads\/2023\/12\/411474071_666315362372387_3515085608526646198_n-212x300.jpg 212w, https:\/\/munielchalpeten.gob.gt\/web\/wp-content\/uploads\/2023\/12\/411474071_666315362372387_3515085608526646198_n-768x1086.jpg 768w, https:\/\/munielchalpeten.gob.gt\/web\/wp-content\/uploads\/2023\/12\/411474071_666315362372387_3515085608526646198_n-1086x1536.jpg 1086w, https:\/\/munielchalpeten.gob.gt\/web\/wp-content\/uploads\/2023\/12\/411474071_666315362372387_3515085608526646198_n-scaled.jpg 1357w\" data-sizes=\"(max-width: 724px) 100vw, 724px\" src=\"data:image\/svg+xml;base64,PHN2ZyB3aWR0aD0iMSIgaGVpZ2h0PSIxIiB4bWxucz0iaHR0cDovL3d3dy53My5vcmcvMjAwMC9zdmciPjwvc3ZnPg==\" style=\"--smush-placeholder-width: 724px; --smush-placeholder-aspect-ratio: 724\/1024;\" \/><\/figure>\n<\/figure>\n","protected":false},"excerpt":{"rendered":"<p>La Municipalidad de El Chal, Pet\u00e9n, Administraci\u00f3n 2020 &#8211; 2024. El se\u00f1or Alcalde Municipal, Elias Calder\u00f3n Alvarez, Honorable Concejo Municipal<\/p>\n","protected":false},"author":8,"featured_media":53898,"comment_status":"open","ping_status":"open","sticky":false,"template":"","format":"standard","meta":{"footnotes":""},"categories":[6],"tags":[],"class_list":["post-53897","post","type-post","status-publish","format-standard","has-post-thumbnail","hentry","category-noticias"],"_links":{"self":[{"href":"https:\/\/munielchalpeten.gob.gt\/web\/wp-json\/wp\/v2\/posts\/53897","targetHints":{"allow":["GET"]}}],"collection":[{"href":"https:\/\/munielchalpeten.gob.gt\/web\/wp-json\/wp\/v2\/posts"}],"about":[{"href":"https:\/\/munielchalpeten.gob.gt\/web\/wp-json\/wp\/v2\/types\/post"}],"author":[{"embeddable":true,"href":"https:\/\/munielchalpeten.gob.gt\/web\/wp-json\/wp\/v2\/users\/8"}],"replies":[{"embeddable":true,"href":"https:\/\/munielchalpeten.gob.gt\/web\/wp-json\/wp\/v2\/comments?post=53897"}],"version-history":[{"count":1,"href":"https:\/\/munielchalpeten.gob.gt\/web\/wp-json\/wp\/v2\/posts\/53897\/revisions"}],"predecessor-version":[{"id":53899,"href":"https:\/\/munielchalpeten.gob.gt\/web\/wp-json\/wp\/v2\/posts\/53897\/revisions\/53899"}],"wp:featuredmedia":[{"embeddable":true,"href":"https:\/\/munielchalpeten.gob.gt\/web\/wp-json\/wp\/v2\/media\/53898"}],"wp:attachment":[{"href":"https:\/\/munielchalpeten.gob.gt\/web\/wp-json\/wp\/v2\/media?parent=53897"}],"wp:term":[{"taxonomy":"category","embeddable":true,"href":"https:\/\/munielchalpeten.gob.gt\/web\/wp-json\/wp\/v2\/categories?post=53897"},{"taxonomy":"post_tag","embeddable":true,"href":"https:\/\/munielchalpeten.gob.gt\/web\/wp-json\/wp\/v2\/tags?post=53897"}],"curies":[{"name":"wp","href":"https:\/\/api.w.org\/{rel}","templated":true}]}}