{"id":52371,"date":"2023-05-05T22:59:05","date_gmt":"2023-05-05T22:59:05","guid":{"rendered":"https:\/\/munielchalpeten.gob.gt\/web\/?p=52371"},"modified":"2023-05-05T22:59:08","modified_gmt":"2023-05-05T22:59:08","slug":"taller-basico-de-corte-y-confeccion","status":"publish","type":"post","link":"https:\/\/munielchalpeten.gob.gt\/web\/2023\/05\/05\/taller-basico-de-corte-y-confeccion\/","title":{"rendered":"TALLER B\u00c1SICO DE CORTE Y CONFECCI\u00d3N"},"content":{"rendered":"\n<p>La Direcci\u00f3n Municipal de la Mujer -DMM- imparte<\/p>\n\n\n\n<p>los talleres b\u00e1sicos de corte y confecci\u00f3n para las mujeres que integran los grupos de mujeres organizadas de nuestro Municipio de El Chal.<\/p>\n\n\n\n<p>La <a><\/a>Municipalidad de El Chal aporta instructora certificada y material did\u00e1ctico para el taller.<\/p>\n\n\n\n<p>En las fotograf\u00edas se observa a las mujeres que forman parte de los grupos organizados del casco urbano municipal, las cuales han finalizado el taller b\u00e1sico de corte y confecci\u00f3n.<\/p>\n\n\n\n<p>El se\u00f1or Alcalde Municipal felicito a las mujeres emprendedoras y las exhort\u00f3 a seguir participando en los diferentes talleres que elabora la Direcci\u00f3n Municipal de la mujer.<\/p>\n\n\n\n<p>Por un Municipio Diferente, Municipalidad de<\/p>\n\n\n\n<p>El Chal, Administraci\u00f3n 2020 &#8211; 2024.<\/p>\n\n\n\n<figure class=\"wp-block-gallery has-nested-images columns-default is-cropped wp-block-gallery-1 is-layout-flex wp-block-gallery-is-layout-flex\">\n<figure class=\"wp-block-image size-large\"><img decoding=\"async\" width=\"1024\" height=\"768\" data-id=\"52375\" data-src=\"https:\/\/munielchalpeten.gob.gt\/web\/wp-content\/uploads\/2023\/05\/2-3-1024x768.jpg\" alt=\"\" class=\"wp-image-52375 lazyload\" data-srcset=\"https:\/\/munielchalpeten.gob.gt\/web\/wp-content\/uploads\/2023\/05\/2-3-1024x768.jpg 1024w, https:\/\/munielchalpeten.gob.gt\/web\/wp-content\/uploads\/2023\/05\/2-3-300x225.jpg 300w, https:\/\/munielchalpeten.gob.gt\/web\/wp-content\/uploads\/2023\/05\/2-3-768x576.jpg 768w, https:\/\/munielchalpeten.gob.gt\/web\/wp-content\/uploads\/2023\/05\/2-3-1536x1152.jpg 1536w, https:\/\/munielchalpeten.gob.gt\/web\/wp-content\/uploads\/2023\/05\/2-3.jpg 1440w\" data-sizes=\"(max-width: 1024px) 100vw, 1024px\" src=\"data:image\/svg+xml;base64,PHN2ZyB3aWR0aD0iMSIgaGVpZ2h0PSIxIiB4bWxucz0iaHR0cDovL3d3dy53My5vcmcvMjAwMC9zdmciPjwvc3ZnPg==\" style=\"--smush-placeholder-width: 1024px; --smush-placeholder-aspect-ratio: 1024\/768;\" \/><\/figure>\n\n\n\n<figure class=\"wp-block-image size-large\"><img decoding=\"async\" width=\"1528\" height=\"1080\" data-id=\"52376\" data-src=\"https:\/\/munielchalpeten.gob.gt\/web\/wp-content\/uploads\/2023\/05\/4-1024x724.jpg\" alt=\"\" class=\"wp-image-52376 lazyload\" data-srcset=\"https:\/\/munielchalpeten.gob.gt\/web\/wp-content\/uploads\/2023\/05\/4-1024x724.jpg 1024w, https:\/\/munielchalpeten.gob.gt\/web\/wp-content\/uploads\/2023\/05\/4-300x212.jpg 300w, https:\/\/munielchalpeten.gob.gt\/web\/wp-content\/uploads\/2023\/05\/4-768x543.jpg 768w, https:\/\/munielchalpeten.gob.gt\/web\/wp-content\/uploads\/2023\/05\/4-1536x1086.jpg 1536w, https:\/\/munielchalpeten.gob.gt\/web\/wp-content\/uploads\/2023\/05\/4.jpg 1528w\" data-sizes=\"(max-width: 1528px) 100vw, 1528px\" src=\"data:image\/svg+xml;base64,PHN2ZyB3aWR0aD0iMSIgaGVpZ2h0PSIxIiB4bWxucz0iaHR0cDovL3d3dy53My5vcmcvMjAwMC9zdmciPjwvc3ZnPg==\" style=\"--smush-placeholder-width: 1528px; --smush-placeholder-aspect-ratio: 1528\/1080;\" \/><\/figure>\n<\/figure>\n","protected":false},"excerpt":{"rendered":"<p>La Direcci\u00f3n Municipal de la Mujer -DMM- imparte los talleres b\u00e1sicos de corte y confecci\u00f3n para las mujeres que integran<\/p>\n","protected":false},"author":2,"featured_media":52372,"comment_status":"open","ping_status":"open","sticky":false,"template":"","format":"standard","meta":{"footnotes":""},"categories":[42],"tags":[],"class_list":["post-52371","post","type-post","status-publish","format-standard","has-post-thumbnail","hentry","category-mujeres-organizadas"],"_links":{"self":[{"href":"https:\/\/munielchalpeten.gob.gt\/web\/wp-json\/wp\/v2\/posts\/52371","targetHints":{"allow":["GET"]}}],"collection":[{"href":"https:\/\/munielchalpeten.gob.gt\/web\/wp-json\/wp\/v2\/posts"}],"about":[{"href":"https:\/\/munielchalpeten.gob.gt\/web\/wp-json\/wp\/v2\/types\/post"}],"author":[{"embeddable":true,"href":"https:\/\/munielchalpeten.gob.gt\/web\/wp-json\/wp\/v2\/users\/2"}],"replies":[{"embeddable":true,"href":"https:\/\/munielchalpeten.gob.gt\/web\/wp-json\/wp\/v2\/comments?post=52371"}],"version-history":[{"count":1,"href":"https:\/\/munielchalpeten.gob.gt\/web\/wp-json\/wp\/v2\/posts\/52371\/revisions"}],"predecessor-version":[{"id":52377,"href":"https:\/\/munielchalpeten.gob.gt\/web\/wp-json\/wp\/v2\/posts\/52371\/revisions\/52377"}],"wp:featuredmedia":[{"embeddable":true,"href":"https:\/\/munielchalpeten.gob.gt\/web\/wp-json\/wp\/v2\/media\/52372"}],"wp:attachment":[{"href":"https:\/\/munielchalpeten.gob.gt\/web\/wp-json\/wp\/v2\/media?parent=52371"}],"wp:term":[{"taxonomy":"category","embeddable":true,"href":"https:\/\/munielchalpeten.gob.gt\/web\/wp-json\/wp\/v2\/categories?post=52371"},{"taxonomy":"post_tag","embeddable":true,"href":"https:\/\/munielchalpeten.gob.gt\/web\/wp-json\/wp\/v2\/tags?post=52371"}],"curies":[{"name":"wp","href":"https:\/\/api.w.org\/{rel}","templated":true}]}}