{"id":52349,"date":"2023-04-28T21:58:34","date_gmt":"2023-04-28T21:58:34","guid":{"rendered":"https:\/\/munielchalpeten.gob.gt\/web\/?p=52349"},"modified":"2023-04-28T21:58:41","modified_gmt":"2023-04-28T21:58:41","slug":"construccion-del-sistema-de-agua-potable-con-perforacion-de-pozo-en-parcelamiento-mojarras-uno","status":"publish","type":"post","link":"https:\/\/munielchalpeten.gob.gt\/web\/2023\/04\/28\/construccion-del-sistema-de-agua-potable-con-perforacion-de-pozo-en-parcelamiento-mojarras-uno\/","title":{"rendered":"CONSTRUCCI\u00d3N DEL SISTEMA DE AGUA POTABLE CON PERFORACI\u00d3N DE POZO EN PARCELAMIENTO MOJARRAS UNO"},"content":{"rendered":"\n<p>La Direcci\u00f3n Municipal de Planificaci\u00f3n &#8211; DMP &#8211; realiz\u00f3 la supervisi\u00f3n en los trabajos de construcci\u00f3n de la red de distribuci\u00f3n de agua potable y perforaci\u00f3n de pozo mec\u00e1nico del parcelamiento<\/p>\n\n\n\n<p>Mojarras uno.<\/p>\n\n\n\n<p>El <a><\/a>Director de Planificaci\u00f3n di\u00f3 a conocer que los trabajos consisten en lo siguiente:<\/p>\n\n\n\n<p><img decoding=\"async\" height=\"16\" width=\"16\" alt=\"\u2705\" data-src=\"https:\/\/static.xx.fbcdn.net\/images\/emoji.php\/v9\/t33\/1\/16\/2705.png\" src=\"data:image\/svg+xml;base64,PHN2ZyB3aWR0aD0iMSIgaGVpZ2h0PSIxIiB4bWxucz0iaHR0cDovL3d3dy53My5vcmcvMjAwMC9zdmciPjwvc3ZnPg==\" class=\"lazyload\" style=\"--smush-placeholder-width: 16px; --smush-placeholder-aspect-ratio: 16\/16;\"> Perforaci\u00f3n de un pozo mec\u00e1nico con una profundidad de 500 pies con encamisado de tuber\u00eda de acero con un di\u00e1metro de 8 pulgadas.<\/p>\n\n\n\n<p><img decoding=\"async\" height=\"16\" width=\"16\" alt=\"\u2705\" data-src=\"https:\/\/static.xx.fbcdn.net\/images\/emoji.php\/v9\/t33\/1\/16\/2705.png\" src=\"data:image\/svg+xml;base64,PHN2ZyB3aWR0aD0iMSIgaGVpZ2h0PSIxIiB4bWxucz0iaHR0cDovL3d3dy53My5vcmcvMjAwMC9zdmciPjwvc3ZnPg==\" class=\"lazyload\" style=\"--smush-placeholder-width: 16px; --smush-placeholder-aspect-ratio: 16\/16;\"> Equipamiento para el pozo mec\u00e1nico con sistema<\/p>\n\n\n\n<p>Fotovoltaico (Funcionamiento con paneles solares)<\/p>\n\n\n\n<p><img decoding=\"async\" height=\"16\" width=\"16\" alt=\"\u2705\" data-src=\"https:\/\/static.xx.fbcdn.net\/images\/emoji.php\/v9\/t33\/1\/16\/2705.png\" src=\"data:image\/svg+xml;base64,PHN2ZyB3aWR0aD0iMSIgaGVpZ2h0PSIxIiB4bWxucz0iaHR0cDovL3d3dy53My5vcmcvMjAwMC9zdmciPjwvc3ZnPg==\" class=\"lazyload\" style=\"--smush-placeholder-width: 16px; --smush-placeholder-aspect-ratio: 16\/16;\"> Caseta de bombeo con loza de concreto armado.<\/p>\n\n\n\n<p><img decoding=\"async\" height=\"16\" width=\"16\" alt=\"\u2705\" data-src=\"https:\/\/static.xx.fbcdn.net\/images\/emoji.php\/v9\/t33\/1\/16\/2705.png\" src=\"data:image\/svg+xml;base64,PHN2ZyB3aWR0aD0iMSIgaGVpZ2h0PSIxIiB4bWxucz0iaHR0cDovL3d3dy53My5vcmcvMjAwMC9zdmciPjwvc3ZnPg==\" class=\"lazyload\" style=\"--smush-placeholder-width: 16px; --smush-placeholder-aspect-ratio: 16\/16;\"> Construcci\u00f3n de tanque met\u00e1lico elevado con una altura de 18 metros y capacidad de almacenamiento de 25 metros c\u00fabicos.<\/p>\n\n\n\n<p><img decoding=\"async\" height=\"16\" width=\"16\" alt=\"\u2705\" data-src=\"https:\/\/static.xx.fbcdn.net\/images\/emoji.php\/v9\/t33\/1\/16\/2705.png\" src=\"data:image\/svg+xml;base64,PHN2ZyB3aWR0aD0iMSIgaGVpZ2h0PSIxIiB4bWxucz0iaHR0cDovL3d3dy53My5vcmcvMjAwMC9zdmciPjwvc3ZnPg==\" class=\"lazyload\" style=\"--smush-placeholder-width: 16px; --smush-placeholder-aspect-ratio: 16\/16;\"> Instalaci\u00f3n de la red de distribuci\u00f3n de agua con 1169.90 metros lineales de tuber\u00eda PVC de diferentes di\u00e1metros para la red distribuci\u00f3n.<\/p>\n\n\n\n<p>En el pozo mec\u00e1nico de parcelamiento mojarras uno se estar\u00e1 utilizando por primera vez el sistema de energ\u00eda renovable por medio de paneles solares, \u00e9sto para reducir el alto costo de combustible para el funcionamiento del equipo de bombeo.<\/p>\n\n\n\n<p>La perforaci\u00f3n de pozo y la red de distribuci\u00f3n de agua potable en el parcelamiento mojarras uno beneficiaran a m\u00e1s de 66 familias que habitan en la comunidad.<\/p>\n\n\n\n<p>Por un Municipio Diferente, Municipalidad de El Chal, Administraci\u00f3n 2020 &#8211; 2024.<\/p>\n\n\n\n<figure class=\"wp-block-gallery has-nested-images columns-default is-cropped wp-block-gallery-1 is-layout-flex wp-block-gallery-is-layout-flex\">\n<figure class=\"wp-block-image size-large\"><img decoding=\"async\" width=\"1024\" height=\"683\" data-id=\"52351\" data-src=\"https:\/\/munielchalpeten.gob.gt\/web\/wp-content\/uploads\/2023\/04\/2-6-1024x683.jpg\" alt=\"\" class=\"wp-image-52351 lazyload\" data-srcset=\"https:\/\/munielchalpeten.gob.gt\/web\/wp-content\/uploads\/2023\/04\/2-6-1024x683.jpg 1024w, https:\/\/munielchalpeten.gob.gt\/web\/wp-content\/uploads\/2023\/04\/2-6-300x200.jpg 300w, https:\/\/munielchalpeten.gob.gt\/web\/wp-content\/uploads\/2023\/04\/2-6-768x512.jpg 768w, https:\/\/munielchalpeten.gob.gt\/web\/wp-content\/uploads\/2023\/04\/2-6-1536x1024.jpg 1536w, https:\/\/munielchalpeten.gob.gt\/web\/wp-content\/uploads\/2023\/04\/2-6-scaled.jpg 1620w\" data-sizes=\"(max-width: 1024px) 100vw, 1024px\" src=\"data:image\/svg+xml;base64,PHN2ZyB3aWR0aD0iMSIgaGVpZ2h0PSIxIiB4bWxucz0iaHR0cDovL3d3dy53My5vcmcvMjAwMC9zdmciPjwvc3ZnPg==\" style=\"--smush-placeholder-width: 1024px; --smush-placeholder-aspect-ratio: 1024\/683;\" \/><\/figure>\n\n\n\n<figure class=\"wp-block-image size-large\"><img decoding=\"async\" width=\"1024\" height=\"683\" data-id=\"52350\" data-src=\"https:\/\/munielchalpeten.gob.gt\/web\/wp-content\/uploads\/2023\/04\/3-4-1024x683.jpg\" alt=\"\" class=\"wp-image-52350 lazyload\" data-srcset=\"https:\/\/munielchalpeten.gob.gt\/web\/wp-content\/uploads\/2023\/04\/3-4-1024x683.jpg 1024w, https:\/\/munielchalpeten.gob.gt\/web\/wp-content\/uploads\/2023\/04\/3-4-300x200.jpg 300w, https:\/\/munielchalpeten.gob.gt\/web\/wp-content\/uploads\/2023\/04\/3-4-768x512.jpg 768w, https:\/\/munielchalpeten.gob.gt\/web\/wp-content\/uploads\/2023\/04\/3-4-1536x1024.jpg 1536w, https:\/\/munielchalpeten.gob.gt\/web\/wp-content\/uploads\/2023\/04\/3-4-scaled.jpg 1620w\" data-sizes=\"(max-width: 1024px) 100vw, 1024px\" src=\"data:image\/svg+xml;base64,PHN2ZyB3aWR0aD0iMSIgaGVpZ2h0PSIxIiB4bWxucz0iaHR0cDovL3d3dy53My5vcmcvMjAwMC9zdmciPjwvc3ZnPg==\" style=\"--smush-placeholder-width: 1024px; --smush-placeholder-aspect-ratio: 1024\/683;\" \/><\/figure>\n<\/figure>\n\n\n\n<p><\/p>\n","protected":false},"excerpt":{"rendered":"<p>La Direcci\u00f3n Municipal de Planificaci\u00f3n &#8211; DMP &#8211; realiz\u00f3 la supervisi\u00f3n en los trabajos de construcci\u00f3n de la red de<\/p>\n","protected":false},"author":2,"featured_media":52352,"comment_status":"open","ping_status":"open","sticky":false,"template":"","format":"standard","meta":{"footnotes":""},"categories":[41],"tags":[],"class_list":["post-52349","post","type-post","status-publish","format-standard","has-post-thumbnail","hentry","category-proyectos"],"_links":{"self":[{"href":"https:\/\/munielchalpeten.gob.gt\/web\/wp-json\/wp\/v2\/posts\/52349","targetHints":{"allow":["GET"]}}],"collection":[{"href":"https:\/\/munielchalpeten.gob.gt\/web\/wp-json\/wp\/v2\/posts"}],"about":[{"href":"https:\/\/munielchalpeten.gob.gt\/web\/wp-json\/wp\/v2\/types\/post"}],"author":[{"embeddable":true,"href":"https:\/\/munielchalpeten.gob.gt\/web\/wp-json\/wp\/v2\/users\/2"}],"replies":[{"embeddable":true,"href":"https:\/\/munielchalpeten.gob.gt\/web\/wp-json\/wp\/v2\/comments?post=52349"}],"version-history":[{"count":1,"href":"https:\/\/munielchalpeten.gob.gt\/web\/wp-json\/wp\/v2\/posts\/52349\/revisions"}],"predecessor-version":[{"id":52353,"href":"https:\/\/munielchalpeten.gob.gt\/web\/wp-json\/wp\/v2\/posts\/52349\/revisions\/52353"}],"wp:featuredmedia":[{"embeddable":true,"href":"https:\/\/munielchalpeten.gob.gt\/web\/wp-json\/wp\/v2\/media\/52352"}],"wp:attachment":[{"href":"https:\/\/munielchalpeten.gob.gt\/web\/wp-json\/wp\/v2\/media?parent=52349"}],"wp:term":[{"taxonomy":"category","embeddable":true,"href":"https:\/\/munielchalpeten.gob.gt\/web\/wp-json\/wp\/v2\/categories?post=52349"},{"taxonomy":"post_tag","embeddable":true,"href":"https:\/\/munielchalpeten.gob.gt\/web\/wp-json\/wp\/v2\/tags?post=52349"}],"curies":[{"name":"wp","href":"https:\/\/api.w.org\/{rel}","templated":true}]}}