{"id":52175,"date":"2023-01-19T17:15:22","date_gmt":"2023-01-19T17:15:22","guid":{"rendered":"https:\/\/munielchalpeten.gob.gt\/web\/?p=52175"},"modified":"2023-01-30T17:11:57","modified_gmt":"2023-01-30T17:11:57","slug":"inauguracion-del-proyecto-de-asfalto-el-chal-peten","status":"publish","type":"post","link":"https:\/\/munielchalpeten.gob.gt\/web\/2023\/01\/19\/inauguracion-del-proyecto-de-asfalto-el-chal-peten\/","title":{"rendered":"INAUGURACI\u00d3N DEL PROYECTO DE ASFALTO, EL CHAL, PET\u00c9N"},"content":{"rendered":"\n<p>Vecinos de distintos caser\u00edos del municipio de El Chal, se dieron cita para presenciar la inauguraci\u00f3n del Proyecto de Asfalto RD-PET-19, en la Bif. CA-13, (San Juan) a Caser\u00edo Agricultores Unidos, el Chal, Pet\u00e9n, el cual consta de 14 Km. En dicha actividad estuvo presente el Ministro de Comunicaciones Javier Maldonado, el Sr. Alcalde, El\u00edas Calder\u00f3n, el Se\u00f1or Gobernador, Luis Burgos y el Diputado por Pet\u00e9n, Edgar Reyes Lee.<\/p>\n\n\n\n<p>Los vecinos mostrararon su satisfaci\u00f3n y a al vez resaltaron que gracias a las gestiones de las autoridades, ahora cuentan con una carretera que les beneficia en gran manera el traslado hacia sus actividades diarias. El proyecto beneficia a un aproximado de 10,000 familias, al ser una ruta importante para el sector agr\u00edcola y ganadero.<\/p>\n\n\n\n<p>El Se\u00f1or Ministro de la cartera de Comunicaciones, Javier Maldonado, se comprometi\u00f3 con darle seguimiento a la segunda fase del proyecto, el cual contempla la ampliaci\u00f3n de m\u00e1s de 15 km en el mismo tramo carretero.<\/p>\n\n\n\n<figure class=\"wp-block-gallery has-nested-images columns-default is-cropped wp-block-gallery-1 is-layout-flex wp-block-gallery-is-layout-flex\">\n<figure class=\"wp-block-image size-large\"><img decoding=\"async\" width=\"1024\" height=\"684\" data-id=\"52176\" data-src=\"https:\/\/munielchalpeten.gob.gt\/web\/wp-content\/uploads\/2023\/01\/alcalde.jpg\" alt=\"\" class=\"wp-image-52176 lazyload\" data-srcset=\"https:\/\/munielchalpeten.gob.gt\/web\/wp-content\/uploads\/2023\/01\/alcalde.jpg 1024w, https:\/\/munielchalpeten.gob.gt\/web\/wp-content\/uploads\/2023\/01\/alcalde-300x200.jpg 300w, https:\/\/munielchalpeten.gob.gt\/web\/wp-content\/uploads\/2023\/01\/alcalde-768x513.jpg 768w\" data-sizes=\"(max-width: 1024px) 100vw, 1024px\" src=\"data:image\/svg+xml;base64,PHN2ZyB3aWR0aD0iMSIgaGVpZ2h0PSIxIiB4bWxucz0iaHR0cDovL3d3dy53My5vcmcvMjAwMC9zdmciPjwvc3ZnPg==\" style=\"--smush-placeholder-width: 1024px; --smush-placeholder-aspect-ratio: 1024\/684;\" \/><\/figure>\n\n\n\n<figure class=\"wp-block-image size-large\"><img decoding=\"async\" width=\"1024\" height=\"684\" data-id=\"52179\" data-src=\"https:\/\/munielchalpeten.gob.gt\/web\/wp-content\/uploads\/2023\/01\/carretera.jpg\" alt=\"\" class=\"wp-image-52179 lazyload\" data-srcset=\"https:\/\/munielchalpeten.gob.gt\/web\/wp-content\/uploads\/2023\/01\/carretera.jpg 1024w, https:\/\/munielchalpeten.gob.gt\/web\/wp-content\/uploads\/2023\/01\/carretera-300x200.jpg 300w, https:\/\/munielchalpeten.gob.gt\/web\/wp-content\/uploads\/2023\/01\/carretera-768x513.jpg 768w\" data-sizes=\"(max-width: 1024px) 100vw, 1024px\" src=\"data:image\/svg+xml;base64,PHN2ZyB3aWR0aD0iMSIgaGVpZ2h0PSIxIiB4bWxucz0iaHR0cDovL3d3dy53My5vcmcvMjAwMC9zdmciPjwvc3ZnPg==\" style=\"--smush-placeholder-width: 1024px; --smush-placeholder-aspect-ratio: 1024\/684;\" \/><\/figure>\n\n\n\n<figure class=\"wp-block-image size-large\"><img decoding=\"async\" width=\"1024\" height=\"684\" data-id=\"52178\" data-src=\"https:\/\/munielchalpeten.gob.gt\/web\/wp-content\/uploads\/2023\/01\/corte.jpg\" alt=\"\" class=\"wp-image-52178 lazyload\" data-srcset=\"https:\/\/munielchalpeten.gob.gt\/web\/wp-content\/uploads\/2023\/01\/corte.jpg 1024w, https:\/\/munielchalpeten.gob.gt\/web\/wp-content\/uploads\/2023\/01\/corte-300x200.jpg 300w, https:\/\/munielchalpeten.gob.gt\/web\/wp-content\/uploads\/2023\/01\/corte-768x513.jpg 768w\" data-sizes=\"(max-width: 1024px) 100vw, 1024px\" src=\"data:image\/svg+xml;base64,PHN2ZyB3aWR0aD0iMSIgaGVpZ2h0PSIxIiB4bWxucz0iaHR0cDovL3d3dy53My5vcmcvMjAwMC9zdmciPjwvc3ZnPg==\" style=\"--smush-placeholder-width: 1024px; --smush-placeholder-aspect-ratio: 1024\/684;\" \/><\/figure>\n\n\n\n<figure class=\"wp-block-image size-large\"><img decoding=\"async\" width=\"1024\" height=\"576\" data-id=\"52177\" data-src=\"https:\/\/munielchalpeten.gob.gt\/web\/wp-content\/uploads\/2023\/01\/vistaaerea.jpg\" alt=\"\" class=\"wp-image-52177 lazyload\" data-srcset=\"https:\/\/munielchalpeten.gob.gt\/web\/wp-content\/uploads\/2023\/01\/vistaaerea.jpg 1024w, https:\/\/munielchalpeten.gob.gt\/web\/wp-content\/uploads\/2023\/01\/vistaaerea-300x169.jpg 300w, https:\/\/munielchalpeten.gob.gt\/web\/wp-content\/uploads\/2023\/01\/vistaaerea-768x432.jpg 768w\" data-sizes=\"(max-width: 1024px) 100vw, 1024px\" src=\"data:image\/svg+xml;base64,PHN2ZyB3aWR0aD0iMSIgaGVpZ2h0PSIxIiB4bWxucz0iaHR0cDovL3d3dy53My5vcmcvMjAwMC9zdmciPjwvc3ZnPg==\" style=\"--smush-placeholder-width: 1024px; --smush-placeholder-aspect-ratio: 1024\/576;\" \/><\/figure>\n<\/figure>\n","protected":false},"excerpt":{"rendered":"<p>Vecinos de distintos caser\u00edos del municipio de El Chal, se dieron cita para presenciar la inauguraci\u00f3n del Proyecto de Asfalto RD-PET-19, en la Bif. CA-13, (San Juan) a Caser\u00edo Agricultores Unidos, el Chal, Pet\u00e9n, el cual consta de 14 Km.<\/p>\n","protected":false},"author":9,"featured_media":52181,"comment_status":"open","ping_status":"open","sticky":false,"template":"","format":"standard","meta":{"footnotes":""},"categories":[6,41],"tags":[],"class_list":["post-52175","post","type-post","status-publish","format-standard","has-post-thumbnail","hentry","category-noticias","category-proyectos"],"_links":{"self":[{"href":"https:\/\/munielchalpeten.gob.gt\/web\/wp-json\/wp\/v2\/posts\/52175","targetHints":{"allow":["GET"]}}],"collection":[{"href":"https:\/\/munielchalpeten.gob.gt\/web\/wp-json\/wp\/v2\/posts"}],"about":[{"href":"https:\/\/munielchalpeten.gob.gt\/web\/wp-json\/wp\/v2\/types\/post"}],"author":[{"embeddable":true,"href":"https:\/\/munielchalpeten.gob.gt\/web\/wp-json\/wp\/v2\/users\/9"}],"replies":[{"embeddable":true,"href":"https:\/\/munielchalpeten.gob.gt\/web\/wp-json\/wp\/v2\/comments?post=52175"}],"version-history":[{"count":7,"href":"https:\/\/munielchalpeten.gob.gt\/web\/wp-json\/wp\/v2\/posts\/52175\/revisions"}],"predecessor-version":[{"id":52193,"href":"https:\/\/munielchalpeten.gob.gt\/web\/wp-json\/wp\/v2\/posts\/52175\/revisions\/52193"}],"wp:featuredmedia":[{"embeddable":true,"href":"https:\/\/munielchalpeten.gob.gt\/web\/wp-json\/wp\/v2\/media\/52181"}],"wp:attachment":[{"href":"https:\/\/munielchalpeten.gob.gt\/web\/wp-json\/wp\/v2\/media?parent=52175"}],"wp:term":[{"taxonomy":"category","embeddable":true,"href":"https:\/\/munielchalpeten.gob.gt\/web\/wp-json\/wp\/v2\/categories?post=52175"},{"taxonomy":"post_tag","embeddable":true,"href":"https:\/\/munielchalpeten.gob.gt\/web\/wp-json\/wp\/v2\/tags?post=52175"}],"curies":[{"name":"wp","href":"https:\/\/api.w.org\/{rel}","templated":true}]}}