{"id":52143,"date":"2022-11-25T20:42:11","date_gmt":"2022-11-25T20:42:11","guid":{"rendered":"https:\/\/munielchalpeten.gob.gt\/web\/?p=52143"},"modified":"2022-11-25T22:04:49","modified_gmt":"2022-11-25T22:04:49","slug":"funcion-circo-gratis","status":"publish","type":"post","link":"https:\/\/munielchalpeten.gob.gt\/web\/2022\/11\/25\/funcion-circo-gratis\/","title":{"rendered":"FUNCI\u00d3N CIRCO GRATIS"},"content":{"rendered":"\n<p>La Municipalidad de El Chal, Administraci\u00f3n 2020 &#8211; 2024. En el marco de la celebraci\u00f3n del \u00c1rbol Navide\u00f1o Municipal, Invitan a todos los ni\u00f1os, ni\u00f1as y familia en general a participar de la funci\u00f3n gratuita del Circo de Manzanito, este s\u00e1bado 26 de noviembre desde las 3:00 pm.<\/p>\n\n\n\n<p>El Circo de Manzanito se ubica a un costado del parque municipal, no faltes, te esperamos.<\/p>\n\n\n\n<p>Por <a><\/a>un Municipio Diferente, Municipalidad de<\/p>\n\n\n\n<p>El Chal, Administraci\u00f3n 2020 &#8211; 2024.<\/p>\n\n\n\n<figure class=\"wp-block-gallery has-nested-images columns-default is-cropped wp-block-gallery-1 is-layout-flex wp-block-gallery-is-layout-flex\">\n<figure class=\"wp-block-image size-large\"><img decoding=\"async\" width=\"1024\" height=\"768\" data-id=\"52145\" data-src=\"https:\/\/munielchalpeten.gob.gt\/web\/wp-content\/uploads\/2022\/11\/2-5-1024x768.jpg\" alt=\"\" class=\"wp-image-52145 lazyload\" data-srcset=\"https:\/\/munielchalpeten.gob.gt\/web\/wp-content\/uploads\/2022\/11\/2-5-1024x768.jpg 1024w, https:\/\/munielchalpeten.gob.gt\/web\/wp-content\/uploads\/2022\/11\/2-5-300x225.jpg 300w, https:\/\/munielchalpeten.gob.gt\/web\/wp-content\/uploads\/2022\/11\/2-5-768x576.jpg 768w, https:\/\/munielchalpeten.gob.gt\/web\/wp-content\/uploads\/2022\/11\/2-5.jpg 1280w\" data-sizes=\"(max-width: 1024px) 100vw, 1024px\" src=\"data:image\/svg+xml;base64,PHN2ZyB3aWR0aD0iMSIgaGVpZ2h0PSIxIiB4bWxucz0iaHR0cDovL3d3dy53My5vcmcvMjAwMC9zdmciPjwvc3ZnPg==\" style=\"--smush-placeholder-width: 1024px; --smush-placeholder-aspect-ratio: 1024\/768;\" \/><\/figure>\n\n\n\n<figure class=\"wp-block-image size-large\"><img decoding=\"async\" width=\"1024\" height=\"768\" data-id=\"52144\" data-src=\"https:\/\/munielchalpeten.gob.gt\/web\/wp-content\/uploads\/2022\/11\/3-5-1024x768.jpg\" alt=\"\" class=\"wp-image-52144 lazyload\" data-srcset=\"https:\/\/munielchalpeten.gob.gt\/web\/wp-content\/uploads\/2022\/11\/3-5-1024x768.jpg 1024w, https:\/\/munielchalpeten.gob.gt\/web\/wp-content\/uploads\/2022\/11\/3-5-300x225.jpg 300w, https:\/\/munielchalpeten.gob.gt\/web\/wp-content\/uploads\/2022\/11\/3-5-768x576.jpg 768w, https:\/\/munielchalpeten.gob.gt\/web\/wp-content\/uploads\/2022\/11\/3-5.jpg 1280w\" data-sizes=\"(max-width: 1024px) 100vw, 1024px\" src=\"data:image\/svg+xml;base64,PHN2ZyB3aWR0aD0iMSIgaGVpZ2h0PSIxIiB4bWxucz0iaHR0cDovL3d3dy53My5vcmcvMjAwMC9zdmciPjwvc3ZnPg==\" style=\"--smush-placeholder-width: 1024px; --smush-placeholder-aspect-ratio: 1024\/768;\" \/><\/figure>\n<\/figure>\n","protected":false},"excerpt":{"rendered":"<p>La Municipalidad de El Chal, Administraci\u00f3n 2020 &#8211; 2024. En el marco de la celebraci\u00f3n del \u00c1rbol Navide\u00f1o Municipal, Invitan<\/p>\n","protected":false},"author":2,"featured_media":52146,"comment_status":"open","ping_status":"open","sticky":false,"template":"","format":"standard","meta":{"footnotes":""},"categories":[6],"tags":[],"class_list":["post-52143","post","type-post","status-publish","format-standard","has-post-thumbnail","hentry","category-noticias"],"_links":{"self":[{"href":"https:\/\/munielchalpeten.gob.gt\/web\/wp-json\/wp\/v2\/posts\/52143","targetHints":{"allow":["GET"]}}],"collection":[{"href":"https:\/\/munielchalpeten.gob.gt\/web\/wp-json\/wp\/v2\/posts"}],"about":[{"href":"https:\/\/munielchalpeten.gob.gt\/web\/wp-json\/wp\/v2\/types\/post"}],"author":[{"embeddable":true,"href":"https:\/\/munielchalpeten.gob.gt\/web\/wp-json\/wp\/v2\/users\/2"}],"replies":[{"embeddable":true,"href":"https:\/\/munielchalpeten.gob.gt\/web\/wp-json\/wp\/v2\/comments?post=52143"}],"version-history":[{"count":1,"href":"https:\/\/munielchalpeten.gob.gt\/web\/wp-json\/wp\/v2\/posts\/52143\/revisions"}],"predecessor-version":[{"id":52147,"href":"https:\/\/munielchalpeten.gob.gt\/web\/wp-json\/wp\/v2\/posts\/52143\/revisions\/52147"}],"wp:featuredmedia":[{"embeddable":true,"href":"https:\/\/munielchalpeten.gob.gt\/web\/wp-json\/wp\/v2\/media\/52146"}],"wp:attachment":[{"href":"https:\/\/munielchalpeten.gob.gt\/web\/wp-json\/wp\/v2\/media?parent=52143"}],"wp:term":[{"taxonomy":"category","embeddable":true,"href":"https:\/\/munielchalpeten.gob.gt\/web\/wp-json\/wp\/v2\/categories?post=52143"},{"taxonomy":"post_tag","embeddable":true,"href":"https:\/\/munielchalpeten.gob.gt\/web\/wp-json\/wp\/v2\/tags?post=52143"}],"curies":[{"name":"wp","href":"https:\/\/api.w.org\/{rel}","templated":true}]}}