{"id":51453,"date":"2022-06-17T14:50:52","date_gmt":"2022-06-17T14:50:52","guid":{"rendered":"https:\/\/munielchalpeten.gob.gt\/web\/?p=51453"},"modified":"2022-06-17T14:51:12","modified_gmt":"2022-06-17T14:51:12","slug":"feliz-dia-del-padre","status":"publish","type":"post","link":"https:\/\/munielchalpeten.gob.gt\/web\/2022\/06\/17\/feliz-dia-del-padre\/","title":{"rendered":"FELIZ DIA DEL PADRE"},"content":{"rendered":"<div class=\"cxmmr5t8 oygrvhab hcukyx3x c1et5uql o9v6fnle ii04i59q\">\n<div dir=\"auto\">La Municipalidad de El Chal, Pet\u00e9n, Alcalde Municipal y su Honorable Concejo Municipal desean un \u00a1Feliz D\u00eda Del Padre! a todos los que con su esfuerzo, dedicaci\u00f3n y amor luchan por un mejor futuro para sus hijos, que Dios les de la sabidur\u00eda para poder ser siempre ese gu\u00eda de la familia.<\/div>\n<\/div>\n<div class=\"cxmmr5t8 oygrvhab hcukyx3x c1et5uql o9v6fnle ii04i59q\">\n<div dir=\"auto\">Por un Municipio Diferente, Municipalidad de<\/div>\n<div dir=\"auto\">El Chal, Administraci\u00f3n 2020 &#8211; 2024.<\/div>\n<\/div>\n","protected":false},"excerpt":{"rendered":"<p>La Municipalidad de El Chal, Pet\u00e9n, Alcalde Municipal y su Honorable Concejo Municipal desean un \u00a1Feliz D\u00eda Del Padre! a<\/p>\n","protected":false},"author":2,"featured_media":51454,"comment_status":"open","ping_status":"open","sticky":false,"template":"","format":"standard","meta":{"footnotes":""},"categories":[6],"tags":[],"class_list":["post-51453","post","type-post","status-publish","format-standard","has-post-thumbnail","hentry","category-noticias"],"_links":{"self":[{"href":"https:\/\/munielchalpeten.gob.gt\/web\/wp-json\/wp\/v2\/posts\/51453","targetHints":{"allow":["GET"]}}],"collection":[{"href":"https:\/\/munielchalpeten.gob.gt\/web\/wp-json\/wp\/v2\/posts"}],"about":[{"href":"https:\/\/munielchalpeten.gob.gt\/web\/wp-json\/wp\/v2\/types\/post"}],"author":[{"embeddable":true,"href":"https:\/\/munielchalpeten.gob.gt\/web\/wp-json\/wp\/v2\/users\/2"}],"replies":[{"embeddable":true,"href":"https:\/\/munielchalpeten.gob.gt\/web\/wp-json\/wp\/v2\/comments?post=51453"}],"version-history":[{"count":1,"href":"https:\/\/munielchalpeten.gob.gt\/web\/wp-json\/wp\/v2\/posts\/51453\/revisions"}],"predecessor-version":[{"id":51455,"href":"https:\/\/munielchalpeten.gob.gt\/web\/wp-json\/wp\/v2\/posts\/51453\/revisions\/51455"}],"wp:featuredmedia":[{"embeddable":true,"href":"https:\/\/munielchalpeten.gob.gt\/web\/wp-json\/wp\/v2\/media\/51454"}],"wp:attachment":[{"href":"https:\/\/munielchalpeten.gob.gt\/web\/wp-json\/wp\/v2\/media?parent=51453"}],"wp:term":[{"taxonomy":"category","embeddable":true,"href":"https:\/\/munielchalpeten.gob.gt\/web\/wp-json\/wp\/v2\/categories?post=51453"},{"taxonomy":"post_tag","embeddable":true,"href":"https:\/\/munielchalpeten.gob.gt\/web\/wp-json\/wp\/v2\/tags?post=51453"}],"curies":[{"name":"wp","href":"https:\/\/api.w.org\/{rel}","templated":true}]}}