{"id":50854,"date":"2022-03-16T14:25:25","date_gmt":"2022-03-16T14:25:25","guid":{"rendered":"https:\/\/munielchalpeten.gob.gt\/web\/?p=50854"},"modified":"2022-03-16T14:31:30","modified_gmt":"2022-03-16T14:31:30","slug":"entrega-de-reconocimiento-al-profesor-trinidad-canchan-mendez","status":"publish","type":"post","link":"https:\/\/munielchalpeten.gob.gt\/web\/2022\/03\/16\/entrega-de-reconocimiento-al-profesor-trinidad-canchan-mendez\/","title":{"rendered":"ENTREGA DE RECONOCIMIENTO AL PROFESOR TRINIDAD CANCHAN M\u00c9NDEZ."},"content":{"rendered":"<div class=\"cxmmr5t8 oygrvhab hcukyx3x c1et5uql o9v6fnle ii04i59q\">\n<div dir=\"auto\">\u00abHonor a quien Honor merece\u00bb, nuestra primera dama municipal, Rosa Amelia Castillo en representaci\u00f3n del se\u00f1or Alcalde Municipal, realiz\u00f3 la entrega de un reconocimiento como persona destacada de nuestro municipio de El Chal, al Licenciado Victoriano Trinidad Canchan M\u00e9ndez, \u00abProfe Trin\u00bb Director del Instituto B\u00e1sico por Cooperativa V\u00edctor Manuel Ju\u00e1rez Obando y la Escuela de comercio de nuestro municipio.<\/div>\n<\/div>\n<div class=\"cxmmr5t8 oygrvhab hcukyx3x c1et5uql o9v6fnle ii04i59q\">\n<div dir=\"auto\">La primera dama municipal le dio la bienvenida al licenciado Victoriano Trinidad Canchan y le agradeci\u00f3 en nombre de la comuna municipal por su ardua labor de educar a los ni\u00f1os y j\u00f3venes de nuestro municipio de El Chal.<\/div>\n<\/div>\n<div class=\"cxmmr5t8 oygrvhab hcukyx3x c1et5uql o9v6fnle ii04i59q\">\n<div dir=\"auto\">El \u00abProfe Trin\u00bb agradeci\u00f3 a las autoridades municipales por el reconocimiento p\u00fablico y mostr\u00f3 su alegr\u00eda y emoci\u00f3n por volver nuevamente al recinto educativo de El Chal<\/div>\n<div dir=\"auto\">al cual concidera su segundo hogar.<\/div>\n<\/div>\n<div class=\"cxmmr5t8 oygrvhab hcukyx3x c1et5uql o9v6fnle ii04i59q\">\n<div dir=\"auto\">Por un Municipio Diferente, Municipalidad de<\/div>\n<div dir=\"auto\">El Chal, Administraci\u00f3n 2020 &#8211; 2024.<\/div>\n<\/div>\n","protected":false},"excerpt":{"rendered":"<p>\u00abHonor a quien Honor merece\u00bb, nuestra primera dama municipal, Rosa Amelia Castillo en representaci\u00f3n del se\u00f1or Alcalde Municipal, realiz\u00f3 la<\/p>\n","protected":false},"author":2,"featured_media":50855,"comment_status":"open","ping_status":"open","sticky":false,"template":"","format":"standard","meta":{"footnotes":""},"categories":[6],"tags":[],"class_list":["post-50854","post","type-post","status-publish","format-standard","has-post-thumbnail","hentry","category-noticias"],"_links":{"self":[{"href":"https:\/\/munielchalpeten.gob.gt\/web\/wp-json\/wp\/v2\/posts\/50854","targetHints":{"allow":["GET"]}}],"collection":[{"href":"https:\/\/munielchalpeten.gob.gt\/web\/wp-json\/wp\/v2\/posts"}],"about":[{"href":"https:\/\/munielchalpeten.gob.gt\/web\/wp-json\/wp\/v2\/types\/post"}],"author":[{"embeddable":true,"href":"https:\/\/munielchalpeten.gob.gt\/web\/wp-json\/wp\/v2\/users\/2"}],"replies":[{"embeddable":true,"href":"https:\/\/munielchalpeten.gob.gt\/web\/wp-json\/wp\/v2\/comments?post=50854"}],"version-history":[{"count":1,"href":"https:\/\/munielchalpeten.gob.gt\/web\/wp-json\/wp\/v2\/posts\/50854\/revisions"}],"predecessor-version":[{"id":50856,"href":"https:\/\/munielchalpeten.gob.gt\/web\/wp-json\/wp\/v2\/posts\/50854\/revisions\/50856"}],"wp:featuredmedia":[{"embeddable":true,"href":"https:\/\/munielchalpeten.gob.gt\/web\/wp-json\/wp\/v2\/media\/50855"}],"wp:attachment":[{"href":"https:\/\/munielchalpeten.gob.gt\/web\/wp-json\/wp\/v2\/media?parent=50854"}],"wp:term":[{"taxonomy":"category","embeddable":true,"href":"https:\/\/munielchalpeten.gob.gt\/web\/wp-json\/wp\/v2\/categories?post=50854"},{"taxonomy":"post_tag","embeddable":true,"href":"https:\/\/munielchalpeten.gob.gt\/web\/wp-json\/wp\/v2\/tags?post=50854"}],"curies":[{"name":"wp","href":"https:\/\/api.w.org\/{rel}","templated":true}]}}