{"id":50812,"date":"2022-03-04T19:35:28","date_gmt":"2022-03-04T19:35:28","guid":{"rendered":"https:\/\/munielchalpeten.gob.gt\/web\/?p=50812"},"modified":"2022-03-04T19:39:54","modified_gmt":"2022-03-04T19:39:54","slug":"ministra-de-educacion-realizo-la-entrega-de-programas-educativos-en-el-chal","status":"publish","type":"post","link":"https:\/\/munielchalpeten.gob.gt\/web\/2022\/03\/04\/ministra-de-educacion-realizo-la-entrega-de-programas-educativos-en-el-chal\/","title":{"rendered":"MINISTRA DE EDUCACI\u00d3N REALIZ\u00d3 LA ENTREGA DE PROGRAMAS EDUCATIVOS EN EL CHAL."},"content":{"rendered":"<p>[et_pb_section fb_built=\u00bb1&#8243; _builder_version=\u00bb3.22&#8243; global_colors_info=\u00bb{}\u00bb][et_pb_row _builder_version=\u00bb3.25&#8243; background_size=\u00bbinitial\u00bb background_position=\u00bbtop_left\u00bb background_repeat=\u00bbrepeat\u00bb global_colors_info=\u00bb{}\u00bb][et_pb_column type=\u00bb4_4&#8243; _builder_version=\u00bb3.25&#8243; custom_padding=\u00bb|||\u00bb global_colors_info=\u00bb{}\u00bb custom_padding__hover=\u00bb|||\u00bb][et_pb_text _builder_version=\u00bb3.27.4&#8243; background_size=\u00bbinitial\u00bb background_position=\u00bbtop_left\u00bb background_repeat=\u00bbrepeat\u00bb global_colors_info=\u00bb{}\u00bb]<\/p>\n<div class=\"cxmmr5t8 oygrvhab hcukyx3x c1et5uql o9v6fnle ii04i59q\">\n<div dir=\"auto\">La se\u00f1ora Ministra de educaci\u00f3n, Claudia Patricia Ruiz Casasola, realiz\u00f3 la visita a la Escuela Oficial rural Mixta del Caser\u00edo Santa Rosita, El Chal.<\/div>\n<\/div>\n<div class=\"cxmmr5t8 oygrvhab hcukyx3x c1et5uql o9v6fnle ii04i59q\">\n<div dir=\"auto\">La Ministra de educaci\u00f3n, acompa\u00f1ada por la Directora Departamental de Educaci\u00f3n, Licenciada, Cynthia Amariny Montoya Cano comparti\u00f3 con docentes y estudiantes de la escuela del Caser\u00edo Santa Rosita a los cuales le realiz\u00f3 la entrega oficial de los Programas de de apoyo a la educaci\u00f3n:<\/div>\n<\/div>\n<div class=\"cxmmr5t8 oygrvhab hcukyx3x c1et5uql o9v6fnle ii04i59q\">\n<div dir=\"auto\"><span class=\"pq6dq46d tbxw36s4 knj5qynh kvgmc6g5 ditlmg2l oygrvhab nvdbi5me sf5mxxl7 gl3lb2sf hhz5lgdu\"><img decoding=\"async\" data-src=\"https:\/\/static.xx.fbcdn.net\/images\/emoji.php\/v9\/t34\/1\/16\/1f518.png\" alt=\"\ud83d\udd18\" width=\"16\" height=\"16\" src=\"data:image\/svg+xml;base64,PHN2ZyB3aWR0aD0iMSIgaGVpZ2h0PSIxIiB4bWxucz0iaHR0cDovL3d3dy53My5vcmcvMjAwMC9zdmciPjwvc3ZnPg==\" class=\"lazyload\" style=\"--smush-placeholder-width: 16px; --smush-placeholder-aspect-ratio: 16\/16;\" \/><\/span> Alimentaci\u00f3n Escolar.<\/div>\n<div dir=\"auto\"><span class=\"pq6dq46d tbxw36s4 knj5qynh kvgmc6g5 ditlmg2l oygrvhab nvdbi5me sf5mxxl7 gl3lb2sf hhz5lgdu\"><img decoding=\"async\" data-src=\"https:\/\/static.xx.fbcdn.net\/images\/emoji.php\/v9\/t34\/1\/16\/1f518.png\" alt=\"\ud83d\udd18\" width=\"16\" height=\"16\" src=\"data:image\/svg+xml;base64,PHN2ZyB3aWR0aD0iMSIgaGVpZ2h0PSIxIiB4bWxucz0iaHR0cDovL3d3dy53My5vcmcvMjAwMC9zdmciPjwvc3ZnPg==\" class=\"lazyload\" style=\"--smush-placeholder-width: 16px; --smush-placeholder-aspect-ratio: 16\/16;\" \/><\/span> Gratuidad de la Educaci\u00f3n.<\/div>\n<div dir=\"auto\"><span class=\"pq6dq46d tbxw36s4 knj5qynh kvgmc6g5 ditlmg2l oygrvhab nvdbi5me sf5mxxl7 gl3lb2sf hhz5lgdu\"><img decoding=\"async\" data-src=\"https:\/\/static.xx.fbcdn.net\/images\/emoji.php\/v9\/t34\/1\/16\/1f518.png\" alt=\"\ud83d\udd18\" width=\"16\" height=\"16\" src=\"data:image\/svg+xml;base64,PHN2ZyB3aWR0aD0iMSIgaGVpZ2h0PSIxIiB4bWxucz0iaHR0cDovL3d3dy53My5vcmcvMjAwMC9zdmciPjwvc3ZnPg==\" class=\"lazyload\" style=\"--smush-placeholder-width: 16px; --smush-placeholder-aspect-ratio: 16\/16;\" \/><\/span> \u00datiles Escolares.<\/div>\n<div dir=\"auto\"><span class=\"pq6dq46d tbxw36s4 knj5qynh kvgmc6g5 ditlmg2l oygrvhab nvdbi5me sf5mxxl7 gl3lb2sf hhz5lgdu\"><img decoding=\"async\" data-src=\"https:\/\/static.xx.fbcdn.net\/images\/emoji.php\/v9\/t34\/1\/16\/1f518.png\" alt=\"\ud83d\udd18\" width=\"16\" height=\"16\" src=\"data:image\/svg+xml;base64,PHN2ZyB3aWR0aD0iMSIgaGVpZ2h0PSIxIiB4bWxucz0iaHR0cDovL3d3dy53My5vcmcvMjAwMC9zdmciPjwvc3ZnPg==\" class=\"lazyload\" style=\"--smush-placeholder-width: 16px; --smush-placeholder-aspect-ratio: 16\/16;\" \/><\/span> Valija Did\u00e1ctica.<\/div>\n<div dir=\"auto\"><span class=\"pq6dq46d tbxw36s4 knj5qynh kvgmc6g5 ditlmg2l oygrvhab nvdbi5me sf5mxxl7 gl3lb2sf hhz5lgdu\"><img decoding=\"async\" data-src=\"https:\/\/static.xx.fbcdn.net\/images\/emoji.php\/v9\/t34\/1\/16\/1f518.png\" alt=\"\ud83d\udd18\" width=\"16\" height=\"16\" src=\"data:image\/svg+xml;base64,PHN2ZyB3aWR0aD0iMSIgaGVpZ2h0PSIxIiB4bWxucz0iaHR0cDovL3d3dy53My5vcmcvMjAwMC9zdmciPjwvc3ZnPg==\" class=\"lazyload\" style=\"--smush-placeholder-width: 16px; --smush-placeholder-aspect-ratio: 16\/16;\" \/><\/span> Sembrado semillas de transparencia.<\/div>\n<\/div>\n<div class=\"cxmmr5t8 oygrvhab hcukyx3x c1et5uql o9v6fnle ii04i59q\">\n<div dir=\"auto\">En la actividad participo el ni\u00f1o Jeferson Ordo\u00f1ez, que fuera nombrado a nivel nacional como Ni\u00f1o Contralor 2021.<\/div>\n<\/div>\n<div class=\"cxmmr5t8 oygrvhab hcukyx3x c1et5uql o9v6fnle ii04i59q\">\n<div dir=\"auto\">Jeferson, fue parte del programa \u201cSembrando Semillas de Transparencia\u201d que tiene como objetivo motivar desde ni\u00f1os a desempe\u00f1arse con integridad en cada una de las actividades, de manera que sean adultos con altos est\u00e1ndares morales.<\/div>\n<\/div>\n<div class=\"cxmmr5t8 oygrvhab hcukyx3x c1et5uql o9v6fnle ii04i59q\">\n<div dir=\"auto\">El s\u00edndico Primero de la comuna municipal en representaci\u00f3n del se\u00f1or Alcalde Municipal, agradeci\u00f3 la visita de la se\u00f1ora Ministra de Educaci\u00f3n y dio a conocer que una de las prioridades de este gobierno municipal es mejorar la calidad educativa en los ni\u00f1os y ni\u00f1as de nuestro municipio de El Chal.<\/div>\n<\/div>\n<div class=\"cxmmr5t8 oygrvhab hcukyx3x c1et5uql o9v6fnle ii04i59q\">\n<div dir=\"auto\">Por un Municipio Diferente, Municipalidad de<\/div>\n<div dir=\"auto\">El Chal, Administraci\u00f3n 2020 &#8211; 2024.<\/div>\n<\/div>\n<p>[\/et_pb_text][\/et_pb_column][\/et_pb_row][\/et_pb_section]<\/p>\n","protected":false},"excerpt":{"rendered":"<p>[et_pb_section fb_built=\u00bb1&#8243; _builder_version=\u00bb3.22&#8243; global_colors_info=\u00bb{}\u00bb][et_pb_row _builder_version=\u00bb3.25&#8243; background_size=\u00bbinitial\u00bb background_position=\u00bbtop_left\u00bb background_repeat=\u00bbrepeat\u00bb global_colors_info=\u00bb{}\u00bb][et_pb_column type=\u00bb4_4&#8243; _builder_version=\u00bb3.25&#8243; custom_padding=\u00bb|||\u00bb global_colors_info=\u00bb{}\u00bb custom_padding__hover=\u00bb|||\u00bb][et_pb_text _builder_version=\u00bb3.27.4&#8243; background_size=\u00bbinitial\u00bb background_position=\u00bbtop_left\u00bb background_repeat=\u00bbrepeat\u00bb global_colors_info=\u00bb{}\u00bb] La<\/p>\n","protected":false},"author":2,"featured_media":50814,"comment_status":"open","ping_status":"open","sticky":false,"template":"","format":"standard","meta":{"footnotes":""},"categories":[6],"tags":[],"class_list":["post-50812","post","type-post","status-publish","format-standard","has-post-thumbnail","hentry","category-noticias"],"_links":{"self":[{"href":"https:\/\/munielchalpeten.gob.gt\/web\/wp-json\/wp\/v2\/posts\/50812","targetHints":{"allow":["GET"]}}],"collection":[{"href":"https:\/\/munielchalpeten.gob.gt\/web\/wp-json\/wp\/v2\/posts"}],"about":[{"href":"https:\/\/munielchalpeten.gob.gt\/web\/wp-json\/wp\/v2\/types\/post"}],"author":[{"embeddable":true,"href":"https:\/\/munielchalpeten.gob.gt\/web\/wp-json\/wp\/v2\/users\/2"}],"replies":[{"embeddable":true,"href":"https:\/\/munielchalpeten.gob.gt\/web\/wp-json\/wp\/v2\/comments?post=50812"}],"version-history":[{"count":2,"href":"https:\/\/munielchalpeten.gob.gt\/web\/wp-json\/wp\/v2\/posts\/50812\/revisions"}],"predecessor-version":[{"id":50815,"href":"https:\/\/munielchalpeten.gob.gt\/web\/wp-json\/wp\/v2\/posts\/50812\/revisions\/50815"}],"wp:featuredmedia":[{"embeddable":true,"href":"https:\/\/munielchalpeten.gob.gt\/web\/wp-json\/wp\/v2\/media\/50814"}],"wp:attachment":[{"href":"https:\/\/munielchalpeten.gob.gt\/web\/wp-json\/wp\/v2\/media?parent=50812"}],"wp:term":[{"taxonomy":"category","embeddable":true,"href":"https:\/\/munielchalpeten.gob.gt\/web\/wp-json\/wp\/v2\/categories?post=50812"},{"taxonomy":"post_tag","embeddable":true,"href":"https:\/\/munielchalpeten.gob.gt\/web\/wp-json\/wp\/v2\/tags?post=50812"}],"curies":[{"name":"wp","href":"https:\/\/api.w.org\/{rel}","templated":true}]}}