{"id":50493,"date":"2022-01-25T17:57:03","date_gmt":"2022-01-25T17:57:03","guid":{"rendered":"https:\/\/munielchalpeten.gob.gt\/web\/?p=50493"},"modified":"2022-01-25T17:57:49","modified_gmt":"2022-01-25T17:57:49","slug":"convoy-municipal-realiza-la-reparacion-y-mantenimiento-de-la-ruta-que-conduce-al-caserio-las-rosas","status":"publish","type":"post","link":"https:\/\/munielchalpeten.gob.gt\/web\/2022\/01\/25\/convoy-municipal-realiza-la-reparacion-y-mantenimiento-de-la-ruta-que-conduce-al-caserio-las-rosas\/","title":{"rendered":"CONVOY MUNICIPAL REALIZA LA REPARACI\u00d3N Y MANTENIMIENTO DE LA RUTA QUE CONDUCE AL CASER\u00cdO LAS ROSAS"},"content":{"rendered":"<p>[et_pb_section fb_built=\u00bb1&#8243; _builder_version=\u00bb3.22&#8243;][et_pb_row _builder_version=\u00bb3.25&#8243; background_size=\u00bbinitial\u00bb background_position=\u00bbtop_left\u00bb background_repeat=\u00bbrepeat\u00bb][et_pb_column type=\u00bb4_4&#8243; _builder_version=\u00bb3.25&#8243; custom_padding=\u00bb|||\u00bb custom_padding__hover=\u00bb|||\u00bb][et_pb_text _builder_version=\u00bb3.27.4&#8243; background_size=\u00bbinitial\u00bb background_position=\u00bbtop_left\u00bb background_repeat=\u00bbrepeat\u00bb]<\/p>\n<div class=\"cxmmr5t8 oygrvhab hcukyx3x c1et5uql o9v6fnle ii04i59q\">\n<div dir=\"auto\">La Municipalidad de El Chal y el se\u00f1or Alcalde Municipal por medio de la Direcci\u00f3n Municipal de planificaci\u00f3n &#8211; DMP &#8211; realizaron la supervisi\u00f3n en los trabajos de reparaci\u00f3n y mantenimiento del tramo vial que conduce del caserio la Oriental al caser\u00edo Las Rosas.<\/div>\n<\/div>\n<div class=\"cxmmr5t8 oygrvhab hcukyx3x c1et5uql o9v6fnle ii04i59q\">\n<div dir=\"auto\">Los trabajos consisten en la reparaci\u00f3n, mantenimiento y bacheo de 2.6 kil\u00f3metros de tramo vial que dan acceso al caser\u00edo Las Rosas, esto con el apoyo de la maquinaria que forma parte del Convoy municipal.<\/div>\n<\/div>\n<div class=\"cxmmr5t8 oygrvhab hcukyx3x c1et5uql o9v6fnle ii04i59q\">\n<div dir=\"auto\">El jefe edil de la comuna municipal dio a conocer que el Convoy Municipal estar\u00e1 realizando los trabajos de reparaci\u00f3n en el caser\u00edo Las Rosas y al concluir se estar\u00e1n trasladando al caser\u00edo Santa Rosita para realizar los trabajos de reparaci\u00f3n de este tramo carretero.<\/div>\n<\/div>\n<div class=\"cxmmr5t8 oygrvhab hcukyx3x c1et5uql o9v6fnle ii04i59q\">\n<div dir=\"auto\">\u00a1Seguimos cumpliendo! Por un Municipio Diferente, Municipalidad de El Chal, Administraci\u00f3n 2020 &#8211; 2024.<\/div>\n<\/div>\n<p>[\/et_pb_text][et_pb_gallery gallery_ids=\u00bb50496,50497,50498,50499,50500,50501,50502,50503,50504&#8243; _builder_version=\u00bb4.9.10&#8243; _module_preset=\u00bbdefault\u00bb][\/et_pb_gallery][\/et_pb_column][\/et_pb_row][\/et_pb_section]<\/p>\n","protected":false},"excerpt":{"rendered":"<p>[et_pb_section fb_built=\u00bb1&#8243; _builder_version=\u00bb3.22&#8243;][et_pb_row _builder_version=\u00bb3.25&#8243; background_size=\u00bbinitial\u00bb background_position=\u00bbtop_left\u00bb background_repeat=\u00bbrepeat\u00bb][et_pb_column type=\u00bb4_4&#8243; _builder_version=\u00bb3.25&#8243; custom_padding=\u00bb|||\u00bb custom_padding__hover=\u00bb|||\u00bb][et_pb_text _builder_version=\u00bb3.27.4&#8243; background_size=\u00bbinitial\u00bb background_position=\u00bbtop_left\u00bb background_repeat=\u00bbrepeat\u00bb] La Municipalidad de El Chal<\/p>\n","protected":false},"author":2,"featured_media":50504,"comment_status":"open","ping_status":"open","sticky":false,"template":"","format":"standard","meta":{"footnotes":""},"categories":[6],"tags":[],"class_list":["post-50493","post","type-post","status-publish","format-standard","has-post-thumbnail","hentry","category-noticias"],"_links":{"self":[{"href":"https:\/\/munielchalpeten.gob.gt\/web\/wp-json\/wp\/v2\/posts\/50493","targetHints":{"allow":["GET"]}}],"collection":[{"href":"https:\/\/munielchalpeten.gob.gt\/web\/wp-json\/wp\/v2\/posts"}],"about":[{"href":"https:\/\/munielchalpeten.gob.gt\/web\/wp-json\/wp\/v2\/types\/post"}],"author":[{"embeddable":true,"href":"https:\/\/munielchalpeten.gob.gt\/web\/wp-json\/wp\/v2\/users\/2"}],"replies":[{"embeddable":true,"href":"https:\/\/munielchalpeten.gob.gt\/web\/wp-json\/wp\/v2\/comments?post=50493"}],"version-history":[{"count":3,"href":"https:\/\/munielchalpeten.gob.gt\/web\/wp-json\/wp\/v2\/posts\/50493\/revisions"}],"predecessor-version":[{"id":50507,"href":"https:\/\/munielchalpeten.gob.gt\/web\/wp-json\/wp\/v2\/posts\/50493\/revisions\/50507"}],"wp:featuredmedia":[{"embeddable":true,"href":"https:\/\/munielchalpeten.gob.gt\/web\/wp-json\/wp\/v2\/media\/50504"}],"wp:attachment":[{"href":"https:\/\/munielchalpeten.gob.gt\/web\/wp-json\/wp\/v2\/media?parent=50493"}],"wp:term":[{"taxonomy":"category","embeddable":true,"href":"https:\/\/munielchalpeten.gob.gt\/web\/wp-json\/wp\/v2\/categories?post=50493"},{"taxonomy":"post_tag","embeddable":true,"href":"https:\/\/munielchalpeten.gob.gt\/web\/wp-json\/wp\/v2\/tags?post=50493"}],"curies":[{"name":"wp","href":"https:\/\/api.w.org\/{rel}","templated":true}]}}