{"id":49576,"date":"2021-09-28T17:06:14","date_gmt":"2021-09-28T17:06:14","guid":{"rendered":"https:\/\/munielchalpeten.gob.gt\/web\/?p=49576"},"modified":"2021-09-28T17:07:38","modified_gmt":"2021-09-28T17:07:38","slug":"introduccion-de-tuberia-de-concreto-en-caserio-la-puente","status":"publish","type":"post","link":"https:\/\/munielchalpeten.gob.gt\/web\/2021\/09\/28\/introduccion-de-tuberia-de-concreto-en-caserio-la-puente\/","title":{"rendered":"INTRODUCCI\u00d3N DE TUBER\u00cdA DE CONCRETO EN CASER\u00cdO LA PUENTE."},"content":{"rendered":"<p>[et_pb_section fb_built=\u00bb1&#8243; _builder_version=\u00bb3.22&#8243;][et_pb_row _builder_version=\u00bb3.25&#8243; background_size=\u00bbinitial\u00bb background_position=\u00bbtop_left\u00bb background_repeat=\u00bbrepeat\u00bb][et_pb_column type=\u00bb4_4&#8243; _builder_version=\u00bb3.25&#8243; custom_padding=\u00bb|||\u00bb custom_padding__hover=\u00bb|||\u00bb][et_pb_text _builder_version=\u00bb3.27.4&#8243; background_size=\u00bbinitial\u00bb background_position=\u00bbtop_left\u00bb background_repeat=\u00bbrepeat\u00bb]<\/p>\n<div class=\"o9v6fnle cxmmr5t8 oygrvhab hcukyx3x c1et5uql ii04i59q\">\n<div dir=\"auto\">El se\u00f1or Alcalde Municipal, El\u00edas Calder\u00f3n \u00c1lvarez, acompa\u00f1ado por los integrantes de<\/div>\n<div dir=\"auto\">&#8211; COCODE &#8211; superviso personalmente los trabajos de introducci\u00f3n de tuberia de concreto en el caserio la puente.<\/div>\n<\/div>\n<div class=\"o9v6fnle cxmmr5t8 oygrvhab hcukyx3x c1et5uql ii04i59q\">\n<div dir=\"auto\">El jefe edil de \u00e9sta comuna municipal El\u00edas Calder\u00f3n, agradeci\u00f3 el apoyo del &#8211; COCODE &#8211;<\/div>\n<div dir=\"auto\">y vecinos de la puente, por brindar la mano de obra y apoyo en los trabajos de introducci\u00f3n de tuberia que ayudar\u00e1n a mejorar el paso de las aguas pluviales en su comunidad.<\/div>\n<\/div>\n<div class=\"o9v6fnle cxmmr5t8 oygrvhab hcukyx3x c1et5uql ii04i59q\">\n<div dir=\"auto\">La presidenta de &#8211; COCODE &#8211; Odilia M\u00e9ndez felicito y agradeci\u00f3 al se\u00f1or Alcalde Municipal<\/div>\n<div dir=\"auto\">El\u00edas Calder\u00f3n \u00c1lvarez y su Honorable Concejo Municipal por la pronta respuesta a la solicitud de la comunidad de la puente.<\/div>\n<\/div>\n<div class=\"o9v6fnle cxmmr5t8 oygrvhab hcukyx3x c1et5uql ii04i59q\">\n<div dir=\"auto\">Por un Municipio Diferente, Municipalidad de El Chal, Administraci\u00f3n 2020 &#8211; 2024.<\/div>\n<\/div>\n<p>[\/et_pb_text][et_pb_gallery gallery_ids=\u00bb49579,49580,49581,49582,49583,49584&#8243; _builder_version=\u00bb4.2.2&#8243;][\/et_pb_gallery][\/et_pb_column][\/et_pb_row][\/et_pb_section]<\/p>\n","protected":false},"excerpt":{"rendered":"<p>[et_pb_section fb_built=\u00bb1&#8243; _builder_version=\u00bb3.22&#8243;][et_pb_row _builder_version=\u00bb3.25&#8243; background_size=\u00bbinitial\u00bb background_position=\u00bbtop_left\u00bb background_repeat=\u00bbrepeat\u00bb][et_pb_column type=\u00bb4_4&#8243; _builder_version=\u00bb3.25&#8243; custom_padding=\u00bb|||\u00bb custom_padding__hover=\u00bb|||\u00bb][et_pb_text _builder_version=\u00bb3.27.4&#8243; background_size=\u00bbinitial\u00bb background_position=\u00bbtop_left\u00bb background_repeat=\u00bbrepeat\u00bb] El se\u00f1or Alcalde Municipal, El\u00edas<\/p>\n","protected":false},"author":2,"featured_media":49579,"comment_status":"open","ping_status":"open","sticky":false,"template":"","format":"standard","meta":{"footnotes":""},"categories":[6],"tags":[],"class_list":["post-49576","post","type-post","status-publish","format-standard","has-post-thumbnail","hentry","category-noticias"],"_links":{"self":[{"href":"https:\/\/munielchalpeten.gob.gt\/web\/wp-json\/wp\/v2\/posts\/49576","targetHints":{"allow":["GET"]}}],"collection":[{"href":"https:\/\/munielchalpeten.gob.gt\/web\/wp-json\/wp\/v2\/posts"}],"about":[{"href":"https:\/\/munielchalpeten.gob.gt\/web\/wp-json\/wp\/v2\/types\/post"}],"author":[{"embeddable":true,"href":"https:\/\/munielchalpeten.gob.gt\/web\/wp-json\/wp\/v2\/users\/2"}],"replies":[{"embeddable":true,"href":"https:\/\/munielchalpeten.gob.gt\/web\/wp-json\/wp\/v2\/comments?post=49576"}],"version-history":[{"count":3,"href":"https:\/\/munielchalpeten.gob.gt\/web\/wp-json\/wp\/v2\/posts\/49576\/revisions"}],"predecessor-version":[{"id":49586,"href":"https:\/\/munielchalpeten.gob.gt\/web\/wp-json\/wp\/v2\/posts\/49576\/revisions\/49586"}],"wp:featuredmedia":[{"embeddable":true,"href":"https:\/\/munielchalpeten.gob.gt\/web\/wp-json\/wp\/v2\/media\/49579"}],"wp:attachment":[{"href":"https:\/\/munielchalpeten.gob.gt\/web\/wp-json\/wp\/v2\/media?parent=49576"}],"wp:term":[{"taxonomy":"category","embeddable":true,"href":"https:\/\/munielchalpeten.gob.gt\/web\/wp-json\/wp\/v2\/categories?post=49576"},{"taxonomy":"post_tag","embeddable":true,"href":"https:\/\/munielchalpeten.gob.gt\/web\/wp-json\/wp\/v2\/tags?post=49576"}],"curies":[{"name":"wp","href":"https:\/\/api.w.org\/{rel}","templated":true}]}}