{"id":49228,"date":"2021-08-11T22:25:33","date_gmt":"2021-08-11T22:25:33","guid":{"rendered":"https:\/\/munielchalpeten.gob.gt\/web\/?p=49228"},"modified":"2021-08-11T22:26:43","modified_gmt":"2021-08-11T22:26:43","slug":"entrega-de-kits-de-medicamentos-contra-el-covid-19-a-centro-de-salud","status":"publish","type":"post","link":"https:\/\/munielchalpeten.gob.gt\/web\/2021\/08\/11\/entrega-de-kits-de-medicamentos-contra-el-covid-19-a-centro-de-salud\/","title":{"rendered":"ENTREGA DE KITS DE MEDICAMENTOS CONTRA EL COVID-19 A CENTRO DE SALUD"},"content":{"rendered":"<p>[et_pb_section fb_built=\u00bb1&#8243; _builder_version=\u00bb3.22&#8243;][et_pb_row _builder_version=\u00bb3.25&#8243; background_size=\u00bbinitial\u00bb background_position=\u00bbtop_left\u00bb background_repeat=\u00bbrepeat\u00bb][et_pb_column type=\u00bb4_4&#8243; _builder_version=\u00bb3.25&#8243; custom_padding=\u00bb|||\u00bb custom_padding__hover=\u00bb|||\u00bb][et_pb_text _builder_version=\u00bb3.27.4&#8243; background_size=\u00bbinitial\u00bb background_position=\u00bbtop_left\u00bb background_repeat=\u00bbrepeat\u00bb]<\/p>\n<div class=\"o9v6fnle cxmmr5t8 oygrvhab hcukyx3x c1et5uql ii04i59q\">\n<div dir=\"auto\">El se\u00f1or Alcalde Municipal, El\u00edas Calder\u00f3n \u00c1lvarez, realiz\u00f3 la ma\u00f1ana de este lunes 9 de agosto del presente a\u00f1o, la entrega de 30 kits de medicamentos al Dr. Helmer Molina, Director del Centro de Salud El Chal.<\/div>\n<\/div>\n<div class=\"o9v6fnle cxmmr5t8 oygrvhab hcukyx3x c1et5uql ii04i59q\">\n<div dir=\"auto\">Los kits seran utilizados para el tratamiento en pacientes positivos por covid-19 con sintomas leves.<\/div>\n<\/div>\n<div class=\"o9v6fnle cxmmr5t8 oygrvhab hcukyx3x c1et5uql ii04i59q\">\n<div dir=\"auto\">La Municipalidad de El Chal y el Centro de Salud, trabajan de la mano para realizar la detecci\u00f3n de los casos positivos de coronavirus en el municipio, para que estos puedan ser tratados a tiempo y lograr su pronta recuperaci\u00f3n.<\/div>\n<\/div>\n<div class=\"o9v6fnle cxmmr5t8 oygrvhab hcukyx3x c1et5uql ii04i59q\">\n<div dir=\"auto\">Las pruebas de Isopado para la detecci\u00f3n del Covid-19 se realizan en las instalaciones del Centro de Salud ubicado en Barrio El Milagro del Casco urbano municipal de lunes a viernes de 7:00 am. A 2:00 pm. S\u00e1bado y domingo de 8:00 am. A 2:00 pm. El \u00fanico requisito a presentar es el DPI.<\/div>\n<\/div>\n<div class=\"o9v6fnle cxmmr5t8 oygrvhab hcukyx3x c1et5uql ii04i59q\">\n<div dir=\"auto\">Se le solicita a la poblaci\u00f3n mantener las medidas de prevenci\u00f3n como lo son:<\/div>\n<\/div>\n<div class=\"o9v6fnle cxmmr5t8 oygrvhab hcukyx3x c1et5uql ii04i59q\">\n<div dir=\"auto\">*Lavado de Manos<\/div>\n<div dir=\"auto\">*Uso de Mascarilla<\/div>\n<div dir=\"auto\">*Uso de Gel<\/div>\n<div dir=\"auto\">*Distanciamiento Social<\/div>\n<\/div>\n<div class=\"o9v6fnle cxmmr5t8 oygrvhab hcukyx3x c1et5uql ii04i59q\">\n<div dir=\"auto\">Solo juntos venceremos al coronavirus, por un municipio diferente, Municipalidad de El Chal, Administraci\u00f3n 2020 &#8211; 2024.<\/div>\n<\/div>\n<p>[\/et_pb_text][et_pb_gallery gallery_ids=\u00bb49231,49232,49233&#8243; _builder_version=\u00bb4.2.2&#8243;][\/et_pb_gallery][\/et_pb_column][\/et_pb_row][\/et_pb_section]<\/p>\n","protected":false},"excerpt":{"rendered":"<p>[et_pb_section fb_built=\u00bb1&#8243; _builder_version=\u00bb3.22&#8243;][et_pb_row _builder_version=\u00bb3.25&#8243; background_size=\u00bbinitial\u00bb background_position=\u00bbtop_left\u00bb background_repeat=\u00bbrepeat\u00bb][et_pb_column type=\u00bb4_4&#8243; _builder_version=\u00bb3.25&#8243; custom_padding=\u00bb|||\u00bb custom_padding__hover=\u00bb|||\u00bb][et_pb_text _builder_version=\u00bb3.27.4&#8243; background_size=\u00bbinitial\u00bb background_position=\u00bbtop_left\u00bb background_repeat=\u00bbrepeat\u00bb] El se\u00f1or Alcalde Municipal, El\u00edas<\/p>\n","protected":false},"author":2,"featured_media":49231,"comment_status":"open","ping_status":"open","sticky":false,"template":"","format":"standard","meta":{"footnotes":""},"categories":[6],"tags":[],"class_list":["post-49228","post","type-post","status-publish","format-standard","has-post-thumbnail","hentry","category-noticias"],"_links":{"self":[{"href":"https:\/\/munielchalpeten.gob.gt\/web\/wp-json\/wp\/v2\/posts\/49228","targetHints":{"allow":["GET"]}}],"collection":[{"href":"https:\/\/munielchalpeten.gob.gt\/web\/wp-json\/wp\/v2\/posts"}],"about":[{"href":"https:\/\/munielchalpeten.gob.gt\/web\/wp-json\/wp\/v2\/types\/post"}],"author":[{"embeddable":true,"href":"https:\/\/munielchalpeten.gob.gt\/web\/wp-json\/wp\/v2\/users\/2"}],"replies":[{"embeddable":true,"href":"https:\/\/munielchalpeten.gob.gt\/web\/wp-json\/wp\/v2\/comments?post=49228"}],"version-history":[{"count":3,"href":"https:\/\/munielchalpeten.gob.gt\/web\/wp-json\/wp\/v2\/posts\/49228\/revisions"}],"predecessor-version":[{"id":49235,"href":"https:\/\/munielchalpeten.gob.gt\/web\/wp-json\/wp\/v2\/posts\/49228\/revisions\/49235"}],"wp:featuredmedia":[{"embeddable":true,"href":"https:\/\/munielchalpeten.gob.gt\/web\/wp-json\/wp\/v2\/media\/49231"}],"wp:attachment":[{"href":"https:\/\/munielchalpeten.gob.gt\/web\/wp-json\/wp\/v2\/media?parent=49228"}],"wp:term":[{"taxonomy":"category","embeddable":true,"href":"https:\/\/munielchalpeten.gob.gt\/web\/wp-json\/wp\/v2\/categories?post=49228"},{"taxonomy":"post_tag","embeddable":true,"href":"https:\/\/munielchalpeten.gob.gt\/web\/wp-json\/wp\/v2\/tags?post=49228"}],"curies":[{"name":"wp","href":"https:\/\/api.w.org\/{rel}","templated":true}]}}