{"id":49069,"date":"2021-06-16T15:07:02","date_gmt":"2021-06-16T15:07:02","guid":{"rendered":"https:\/\/munielchalpeten.gob.gt\/web\/?p=49069"},"modified":"2021-06-16T16:50:09","modified_gmt":"2021-06-16T16:50:09","slug":"yo-reforesto","status":"publish","type":"post","link":"https:\/\/munielchalpeten.gob.gt\/web\/2021\/06\/16\/yo-reforesto\/","title":{"rendered":"YO REFORESTO"},"content":{"rendered":"<p>[et_pb_section fb_built=\u00bb1&#8243; _builder_version=\u00bb3.22&#8243;][et_pb_row _builder_version=\u00bb3.25&#8243; background_size=\u00bbinitial\u00bb background_position=\u00bbtop_left\u00bb background_repeat=\u00bbrepeat\u00bb][et_pb_column type=\u00bb4_4&#8243; _builder_version=\u00bb3.25&#8243; custom_padding=\u00bb|||\u00bb custom_padding__hover=\u00bb|||\u00bb][et_pb_text _builder_version=\u00bb4.2.2&#8243; background_size=\u00bbinitial\u00bb background_position=\u00bbtop_left\u00bb background_repeat=\u00bbrepeat\u00bb hover_enabled=\u00bb0&#8243;]<\/p>\n<div class=\"o9v6fnle cxmmr5t8 oygrvhab hcukyx3x c1et5uql ii04i59q\">\n<div dir=\"auto\">La Municipalidad de El Chal, y el se\u00f1or Alcalde El\u00edas Calder\u00f3n, por medio de la oficina forestal y el personal que labora para el vivero municipal se unen a la campa\u00f1a \u00abYO REFORESTO\u00bb impulsada por Instituto Nacional de Bosques \u00abINAB\u00bb.<\/div>\n<div dir=\"auto\">\u00a0<\/div>\n<div dir=\"auto\">\u00a0<\/div>\n<\/div>\n<div dir=\"auto\">\u00a0<\/div>\n<div dir=\"auto\">\u00a0<\/div>\n<div class=\"o9v6fnle cxmmr5t8 oygrvhab hcukyx3x c1et5uql ii04i59q\">\n<div dir=\"auto\">Los servidores municipales se han dado a la tarea de realizar labores de reforestaci\u00f3n en el casco urbano municipal, adem\u00e1s se donaron m\u00e1s de 250 \u00e1rboles de cedro y Mara\u00f1\u00f3n al Instituto Nacional de Bosques \u00abINAB\u00bb, para incentivar los programas de reforestaci\u00f3n en nuestro bello departamento del Pet\u00e9n.<\/div>\n<div dir=\"auto\">\u00a0<\/div>\n<div dir=\"auto\">\u00a0<\/div>\n<\/div>\n<div dir=\"auto\">\u00a0<\/div>\n<div dir=\"auto\">\u00a0<\/div>\n<div class=\"o9v6fnle cxmmr5t8 oygrvhab hcukyx3x c1et5uql ii04i59q\">\n<div dir=\"auto\">La reforestaci\u00f3n es necesaria para salvar la estabilidad t\u00e9rmica de nuestro planeta, pero esta tarea no debe quedar solamente en manos del gobierno o de los propietarios de grandes extensiones de tierra; por el contrario, todos podemos participar con nuestro granito de arena, que puede consistir en plantar un \u00e1rbol frutal u ornamental en el espacio que tengamos disponible, el cual puede ser tan grande como un jard\u00edn o tan peque\u00f1o como una maceta.<\/div>\n<div dir=\"auto\">\u00a0<\/div>\n<\/div>\n<div class=\"o9v6fnle cxmmr5t8 oygrvhab hcukyx3x c1et5uql ii04i59q\">\n<div dir=\"auto\">\u00danete a la campa\u00f1a \u00abYO REFORESTO\u00bb.<\/div>\n<\/div>\n<div dir=\"auto\">\u00a0<\/div>\n<div dir=\"auto\">Como ciudadanos estamos comprometidos a ayudar y ense\u00f1ar a las futuras generaciones.<\/div>\n<div dir=\"auto\">\u00a0<\/div>\n<div dir=\"auto\">Es nuestro compromiso y obligaci\u00f3n salvar el medio ambiente, para heredar un mejor futuro a nuestros hijos.<\/div>\n<div dir=\"auto\">\u00a0<\/div>\n<div dir=\"auto\">Para m\u00e1s informaci\u00f3n puede visitar el sitio web del <a href=\"https:\/\/www.inab.gob.gt\/\">INAB<\/a>.<\/div>\n<div dir=\"auto\">\u00a0<\/div>\n<div dir=\"auto\">\u00a0<\/div>\n<div class=\"o9v6fnle cxmmr5t8 oygrvhab hcukyx3x c1et5uql ii04i59q\">\n<div dir=\"auto\">Por un municipio m\u00e1s verde, Municipalidad de El Chal, Administraci\u00f3n 2020 &#8211; 2024.<\/div>\n<\/div>\n<p>[\/et_pb_text][et_pb_gallery gallery_ids=\u00bb49072,49073,49074,49075,49076&#8243; _builder_version=\u00bb4.2.2&#8243;][\/et_pb_gallery][\/et_pb_column][\/et_pb_row][\/et_pb_section]<\/p>\n","protected":false},"excerpt":{"rendered":"<p>[et_pb_section fb_built=\u00bb1&#8243; _builder_version=\u00bb3.22&#8243;][et_pb_row _builder_version=\u00bb3.25&#8243; background_size=\u00bbinitial\u00bb background_position=\u00bbtop_left\u00bb background_repeat=\u00bbrepeat\u00bb][et_pb_column type=\u00bb4_4&#8243; _builder_version=\u00bb3.25&#8243; custom_padding=\u00bb|||\u00bb custom_padding__hover=\u00bb|||\u00bb][et_pb_text _builder_version=\u00bb4.2.2&#8243; background_size=\u00bbinitial\u00bb background_position=\u00bbtop_left\u00bb background_repeat=\u00bbrepeat\u00bb hover_enabled=\u00bb0&#8243;] La Municipalidad de El<\/p>\n","protected":false},"author":2,"featured_media":49072,"comment_status":"open","ping_status":"open","sticky":false,"template":"","format":"standard","meta":{"footnotes":""},"categories":[6],"tags":[],"class_list":["post-49069","post","type-post","status-publish","format-standard","has-post-thumbnail","hentry","category-noticias"],"_links":{"self":[{"href":"https:\/\/munielchalpeten.gob.gt\/web\/wp-json\/wp\/v2\/posts\/49069","targetHints":{"allow":["GET"]}}],"collection":[{"href":"https:\/\/munielchalpeten.gob.gt\/web\/wp-json\/wp\/v2\/posts"}],"about":[{"href":"https:\/\/munielchalpeten.gob.gt\/web\/wp-json\/wp\/v2\/types\/post"}],"author":[{"embeddable":true,"href":"https:\/\/munielchalpeten.gob.gt\/web\/wp-json\/wp\/v2\/users\/2"}],"replies":[{"embeddable":true,"href":"https:\/\/munielchalpeten.gob.gt\/web\/wp-json\/wp\/v2\/comments?post=49069"}],"version-history":[{"count":8,"href":"https:\/\/munielchalpeten.gob.gt\/web\/wp-json\/wp\/v2\/posts\/49069\/revisions"}],"predecessor-version":[{"id":49096,"href":"https:\/\/munielchalpeten.gob.gt\/web\/wp-json\/wp\/v2\/posts\/49069\/revisions\/49096"}],"wp:featuredmedia":[{"embeddable":true,"href":"https:\/\/munielchalpeten.gob.gt\/web\/wp-json\/wp\/v2\/media\/49072"}],"wp:attachment":[{"href":"https:\/\/munielchalpeten.gob.gt\/web\/wp-json\/wp\/v2\/media?parent=49069"}],"wp:term":[{"taxonomy":"category","embeddable":true,"href":"https:\/\/munielchalpeten.gob.gt\/web\/wp-json\/wp\/v2\/categories?post=49069"},{"taxonomy":"post_tag","embeddable":true,"href":"https:\/\/munielchalpeten.gob.gt\/web\/wp-json\/wp\/v2\/tags?post=49069"}],"curies":[{"name":"wp","href":"https:\/\/api.w.org\/{rel}","templated":true}]}}